{"id":1691,"date":"2022-04-16T11:00:00","date_gmt":"2022-04-16T09:00:00","guid":{"rendered":"https:\/\/romantic-boyd.31-170-100-185.plesk.page\/?p=1691"},"modified":"2026-04-17T14:27:17","modified_gmt":"2026-04-17T12:27:17","slug":"creer-entreprise-en-espagne","status":"publish","type":"post","link":"https:\/\/delaguialuzon.com\/fr\/blog\/creer-une-entreprise-en-espagne\/","title":{"rendered":"Cr\u00e9er une entreprise en Espagne : d\u00e9marches, fiscalit\u00e9 et accompagnement d\u2019experts"},"content":{"rendered":"\t\t<div data-elementor-type=\"wp-post\" data-elementor-id=\"1691\" class=\"elementor elementor-1691 elementor-1664\" data-elementor-post-type=\"post\">\n\t\t\t\t<div class=\"elementor-element elementor-element-b568089 e-flex e-con-boxed e-con e-parent\" data-id=\"b568089\" data-element_type=\"container\" data-e-type=\"container\">\n\t\t\t\t\t<div class=\"e-con-inner\">\n\t\t\t\t<div class=\"elementor-element elementor-element-2d605e7 elementor-widget elementor-widget-text-editor\" data-id=\"2d605e7\" data-element_type=\"widget\" data-e-type=\"widget\" data-widget_type=\"text-editor.default\">\n\t\t\t\t<div class=\"elementor-widget-container\">\n\t\t\t\t\t\t\t\t\t<p style=\"background: linear-gradient(135deg, #f0f9ff 0%, #e0f2fe 100%); border-left: 4px solid #007BB3; padding: 20px 24px; border-radius: 8px; box-shadow: 0 2px 8px rgba(0,123,179,0.08); margin-bottom: 32px;\"><strong>\ud83d\udccc L&rsquo;essentiel en 30 secondes<\/strong><br \/>Cr\u00e9er une entreprise en Espagne en 2026 se fait en <strong>6 \u00e0 15 jours ouvr\u00e9s<\/strong> via le r\u00e9seau <em>CIRCE<\/em>. Depuis la <em>Ley 18\/2022 Crea y Crece<\/em>, le capital minimum d&rsquo;une <strong>SL est pass\u00e9 \u00e0 1 \u20ac<\/strong> (contre 3 000 \u20ac auparavant). L&rsquo;imp\u00f4t sur les soci\u00e9t\u00e9s est de <strong>25 %<\/strong>, r\u00e9duit \u00e0 <strong>15 % pendant les deux premiers exercices b\u00e9n\u00e9ficiaires<\/strong> pour les nouvelles entit\u00e9s. Les \u00e9tapes cl\u00e9s : obtenir le <em>NIE<\/em>, choisir la forme juridique, d\u00e9poser le <em>certificado negativo de denominaci\u00f3n<\/em>, signer l&rsquo;<em>escritura p\u00fablica<\/em> chez notaire, s&rsquo;immatriculer au <em>Registro Mercantil<\/em> et d\u00e9poser le <em>Modelo 036<\/em> \u00e0 l&rsquo;<em>Agencia Tributaria<\/em>.<\/p><p><\/p><p><\/p><h2>Cr\u00e9er une entreprise en Espagne : le panorama 2026<\/h2><p><\/p><p><\/p><p>L&rsquo;Espagne attire chaque ann\u00e9e plus de <strong>370 000 nouveaux entrepreneurs<\/strong>, et pas par hasard. Derri\u00e8re la qualit\u00e9 de vie et la position g\u00e9ostrat\u00e9gique entre Europe, Afrique et Am\u00e9rique latine, se cache un cadre juridique modernis\u00e9 en profondeur depuis 2022 : capital social r\u00e9duit \u00e0 1 \u20ac, r\u00e9gime fiscal pr\u00e9f\u00e9rentiel pour les startups, tarifa plana pour les <em>aut\u00f3nomos<\/em>, guichet unique \u00e9lectronique via <em>CIRCE<\/em>.<\/p><p><\/p><p><\/p><p>Que vous soyez entrepreneur individuel, soci\u00e9t\u00e9 fran\u00e7aise voulant ouvrir une filiale ou porteur d&rsquo;un projet tech cherchant le statut d&rsquo;<em>empresa emergente<\/em>, les d\u00e9marches suivent une logique pr\u00e9cise : <strong>NIE \u2192 forme juridique \u2192 d\u00e9nomination \u2192 capital \u2192 notaire \u2192 registre \u2192 fiscalit\u00e9<\/strong>. Un seul maillon cass\u00e9 et votre projet stagne pendant des semaines.<\/p><p><\/p><p><\/p><p>Le cabinet <strong>Delagu\u00eda &amp; Luz\u00f3n<\/strong>, fond\u00e9 en 1960 \u00e0 <strong>Valencia<\/strong>, accompagne depuis <strong>65 ans<\/strong> entrepreneurs francophones et soci\u00e9t\u00e9s internationales dans la constitution et la gestion de leurs structures en Espagne. Avocats et fiscalistes bilingues s\u00e9curisent chaque \u00e9tape, de la r\u00e9daction des statuts \u00e0 la d\u00e9claration fiscale annuelle \u2014 avec un historique qui inclut la restructuration de groupes cot\u00e9s, l&rsquo;ouverture de filiales de multinationales fran\u00e7aises et l&rsquo;accompagnement d&rsquo;ind\u00e9pendants fra\u00eechement expatri\u00e9s.<\/p><p><\/p><p><\/p><blockquote class=\"wp-block-quote stat-quote\" style=\"background: linear-gradient(135deg, #f0f9ff 0%, #e0f2fe 100%); border-left: 5px solid #007BB3; padding: 24px 28px; border-radius: 10px; box-shadow: 0 4px 12px rgba(0,123,179,0.12); margin: 32px 0; font-style: normal;\"><p style=\"margin: 0; font-size: 17px; line-height: 1.6;\"><strong>\ud83d\udcca Chiffre-cl\u00e9.<\/strong> Selon le <strong>DIRCE de l&rsquo;INE<\/strong> (Directorio Central de Empresas, Institut National de la Statistique), l&rsquo;Espagne comptait <strong>3,47 millions d&rsquo;entreprises actives<\/strong> au 1<sup>er<\/sup> janvier 2025, dont <strong>55,5 % sans salari\u00e9<\/strong> (aut\u00f3nomos) et 43 % de <em>sociedades limitadas<\/em>.<\/p><p><cite style=\"display: block; margin-top: 12px; font-size: 14px; color: #64748b; font-style: italic;\">\u2014 Instituto Nacional de Estad\u00edstica (INE), Estad\u00edstica del DIRCE 2025<\/cite><\/p><\/blockquote><p><\/p><p><\/p><h2>Pourquoi l&rsquo;Espagne tient la corde face \u00e0 la France et au Portugal<\/h2><p><\/p><p><\/p><p>L&rsquo;\u00e9cart ne se joue pas sur un seul param\u00e8tre, mais sur un faisceau d&rsquo;avantages combin\u00e9s que peu d&rsquo;\u00e9conomies europ\u00e9ennes peuvent aligner. L&rsquo;<strong>imp\u00f4t sur les soci\u00e9t\u00e9s (<a href=\"https:\/\/delaguialuzon.com\/fr\/blog\/impot-societes-espagne\/\">IS<\/a>)<\/strong> est plafonn\u00e9 \u00e0 <strong>25 %<\/strong>, mais tombe \u00e0 <strong>15 %<\/strong> pendant les deux premiers exercices b\u00e9n\u00e9ficiaires pour les entit\u00e9s nouvellement cr\u00e9\u00e9es \u2014 un traitement que ni la France (25 %), ni l&rsquo;Italie (24 %), ni l&rsquo;Allemagne (~30 %) n&rsquo;offrent.<\/p><p><\/p><p><\/p><p>Pour les ind\u00e9pendants, le coup de massue redout\u00e9 des charges n&rsquo;existe plus : la r\u00e9forme du <strong>RETA<\/strong> (R\u00e9gimen Especial de Trabajadores Aut\u00f3nomos) entr\u00e9e en vigueur en 2023 a introduit un bar\u00e8me progressif bas\u00e9 sur les revenus r\u00e9els, avec une <strong>tarifa plana de 80 \u20ac\/mois pendant les 12 premiers mois<\/strong> pour tout nouveau inscrit. Les <a href=\"https:\/\/delaguialuzon.com\/fr\/blog\/couts-securite-sociale\/\">cotisations de S\u00e9curit\u00e9 sociale<\/a> en Espagne restent significativement plus l\u00e9g\u00e8res qu&rsquo;en France.<\/p><p><\/p><p><\/p><p>C\u00f4t\u00e9 bureaucratie, la r\u00e9volution vient du <strong>CIRCE<\/strong> (Centro de Informaci\u00f3n y Red de Creaci\u00f3n de Empresas) : via le <em>Documento \u00danico Electr\u00f3nico (DUE)<\/em> et le r\u00e9seau des <strong>Puntos de Atenci\u00f3n al Emprendedor (PAE)<\/strong>, une SL peut d\u00e9sormais \u00eatre constitu\u00e9e en <strong>6 \u00e0 15 jours ouvr\u00e9s<\/strong>, contre 4 \u00e0 6 semaines dix ans plus t\u00f4t. Pour un <a href=\"https:\/\/delaguialuzon.com\/fr\/blog\/devenir-auto-entrepreneur-en-espagne\/\">statut d&rsquo;<em>aut\u00f3nomo<\/em><\/a>, comptez <strong>24 \u00e0 48 heures<\/strong>.<\/p><p><\/p><p><\/p><p>Derni\u00e8re pi\u00e8ce du puzzle : la <strong>Ley 28\/2022 de Startups<\/strong>, qui cr\u00e9e un statut d&rsquo;<em>empresa emergente<\/em> donnant droit \u00e0 un IS \u00e0 15 % pendant 4 ans, \u00e0 la suppression de l&rsquo;obligation de NIE pour les investisseurs non-r\u00e9sidents, et au r\u00e9gime <a href=\"https:\/\/delaguialuzon.com\/fr\/blog\/loi-beckham-regime-fiscal\/\">Beckham<\/a> \u00e9tendu aux nomades digitaux et aux t\u00e9l\u00e9travailleurs.<\/p><p><\/p><p><\/p><h2>Checklist avant-lancement : les 6 points de passage oblig\u00e9s<\/h2><p><\/p><p><\/p><ul><li><strong>Obtenir le <a href=\"https:\/\/delaguialuzon.com\/fr\/blog\/pourquoi-comment-obtenir-nie-espagne\/\">NIE<\/a><\/strong> \u2014 Num\u00e9ro d&rsquo;identification d&rsquo;\u00e9tranger, d\u00e9livr\u00e9 par la Direcci\u00f3n General de la Polic\u00eda. S\u00e9same administratif sans lequel aucun acte n&rsquo;est possible.<\/li><li><strong>R\u00e9unir les documents fondateurs<\/strong> \u2014 Certificado negativo de denominaci\u00f3n (d\u00e9nomination sociale r\u00e9serv\u00e9e au <em>Registro Mercantil Central<\/em>), statuts provisoires, pouvoirs si constitution par procuration.<\/li><li><strong>Ouvrir un compte bancaire professionnel en Espagne<\/strong> \u2014 IBAN local obligatoire pour d\u00e9poser le capital social et recevoir le <em>certificado bancario<\/em> exig\u00e9 par le notaire.<\/li><li><strong>Demander le <em>C\u00f3digo de Cuenta de Cotizaci\u00f3n (CCC)<\/em><\/strong> \u2014 Attribu\u00e9 par la <em>Tesorer\u00eda General de la Seguridad Social (TGSS)<\/em>, preuve de conformit\u00e9 sociale.<\/li><li><strong>Trancher la forme juridique<\/strong> \u2014 <em>Aut\u00f3nomo<\/em>, SL, SLU, SA, SLNE, succursale : chaque <a href=\"https:\/\/delaguialuzon.com\/fr\/blog\/statut-juridique-entreprise\/\">statut juridique<\/a> engage votre fiscalit\u00e9, votre responsabilit\u00e9 et votre acc\u00e8s au financement.<\/li><li><strong>S&rsquo;entourer d&rsquo;<a href=\"https:\/\/delaguialuzon.com\/fr\/cabinet-international-avocats\/\">un cabinet d&rsquo;avocats international<\/a> bilingue<\/strong> \u2014 La diff\u00e9rence entre un dossier accept\u00e9 du premier coup et six semaines d&rsquo;allers-retours administratifs tient souvent \u00e0 la qualit\u00e9 de l&rsquo;accompagnement.<\/li><\/ul><p><\/p><p><\/p><h3>Le NIE : votre identit\u00e9 fiscale en Espagne<\/h3><p><\/p><p><\/p><p>Le <strong>NIE<\/strong> (N\u00famero de Identificaci\u00f3n de Extranjero) n&rsquo;est pas une simple formalit\u00e9 : c&rsquo;est votre matricule unique et personnel, d\u00e9livr\u00e9 par la Direcci\u00f3n General de la Polic\u00eda. Sans lui, aucune <a href=\"https:\/\/delaguialuzon.com\/fr\/blog\/monter-entreprise-espagne\/\">cr\u00e9ation de soci\u00e9t\u00e9<\/a>, aucun achat immobilier, aucun acte notari\u00e9. Vous pouvez l&rsquo;obtenir directement en Espagne (commissariat ou bureau des \u00e9trangers) ou au <strong>Consulat d&rsquo;Espagne en France<\/strong> \u2014 pr\u00e9voyez 2 \u00e0 6 semaines selon la juridiction.<\/p><p><\/p><p><\/p><p>Attention \u00e0 ne pas confondre avec la <a href=\"https:\/\/delaguialuzon.com\/fr\/blog\/differences-carte-verte-nie-et-tie\/\">TIE (Tarjeta de Identidad de Extranjero)<\/a>, carte physique r\u00e9serv\u00e9e aux r\u00e9sidents non-UE.<\/p><p><\/p><p><\/p><h3>Le compte bancaire espagnol : non n\u00e9gociable<\/h3><p><\/p><p><\/p><p>Oubliez les n\u00e9o-banques \u00e9trang\u00e8res : l&rsquo;Espagne exige un <strong>IBAN local ES<\/strong> (Santander, BBVA, CaixaBank, Sabadell, Banco Santander et autres \u00e9tablissements supervis\u00e9s par la Banco de Espa\u00f1a). Sans compte local, pas de d\u00e9p\u00f4t de capital, pas de <em>certificado bancario<\/em>, pas d&rsquo;immatriculation au <em>Registro Mercantil<\/em>. Pr\u00e9voyez ce rendez-vous d\u00e8s votre arriv\u00e9e \u2014 la KYC bancaire peut prendre 1 \u00e0 3 semaines pour un non-r\u00e9sident.<\/p><p><\/p><p><\/p><h3>Le C\u00f3digo de Cuenta de Cotizaci\u00f3n : votre s\u00e9same social<\/h3><p><\/p><p><\/p><p>Le CCC est le num\u00e9ro d&rsquo;inscription aupr\u00e8s de la <strong>TGSS<\/strong>, obligatoire d\u00e8s que vous embauchez un salari\u00e9 ou que vous vous inscrivez vous-m\u00eame au RETA. Les proc\u00e9dures varient selon les communaut\u00e9s autonomes mais l&rsquo;objectif reste identique : garantir le versement des cotisations et la conformit\u00e9 aux <a href=\"https:\/\/delaguialuzon.com\/fr\/gestion-sociale-des-entreprises\/\">obligations sociales<\/a>. Ce code sera exig\u00e9 pour tout acte notari\u00e9, contrat de travail ou d\u00e9claration \u00e0 la Seguridad Social.<\/p><p><\/p><p><\/p><figure class=\"wp-block-image\"><img fetchpriority=\"high\" decoding=\"async\" src=\"https:\/\/delaguialuzon.com\/wp-content\/uploads\/2025\/09\/Quelles-sont-les-formalites-preliminaires-pour-creer-une-entreprise-en-Espagne-1024x764.png\" alt=\"Formalit\u00e9s pr\u00e9liminaires pour cr\u00e9er une entreprise en Espagne \u2014 NIE, compte bancaire, CCC, statuts\" width=\"800\" height=\"597\" \/><\/figure><p><\/p><p><\/p><blockquote class=\"wp-block-quote stat-quote\" style=\"background: linear-gradient(135deg, #f0f9ff 0%, #e0f2fe 100%); border-left: 5px solid #007BB3; padding: 24px 28px; border-radius: 10px; box-shadow: 0 4px 12px rgba(0,123,179,0.12); margin: 32px 0; font-style: normal;\"><p style=\"margin: 0; font-size: 17px; line-height: 1.6;\"><strong>\ud83d\udcca Investissement \u00e9tranger.<\/strong> Selon <strong>ICEX Invest in Spain<\/strong> et les donn\u00e9es du <em>Ministerio de Econom\u00eda<\/em>, l&rsquo;Espagne a capt\u00e9 <strong>32,6 milliards d&rsquo;euros d&rsquo;investissement direct \u00e9tranger<\/strong> en 2024, avec la France et l&rsquo;Allemagne dans le top 5 des pays d&rsquo;origine. La Communaut\u00e9 Valencienne figure parmi les trois r\u00e9gions \u00e0 la plus forte croissance d&rsquo;implantations.<\/p><p><cite style=\"display: block; margin-top: 12px; font-size: 14px; color: #64748b; font-style: italic;\">\u2014 ICEX Invest in Spain, Informe Anual IDE 2024<\/cite><\/p><\/blockquote><p><\/p><p><\/p><h2>Les formes juridiques espagnoles : laquelle correspond \u00e0 votre projet ?<\/h2><p><\/p><p><\/p><p>Choisir la bonne forme juridique n&rsquo;est pas qu&rsquo;une question de paperasse : c&rsquo;est une d\u00e9cision strat\u00e9gique qui conditionne votre fiscalit\u00e9, votre responsabilit\u00e9 personnelle et votre capacit\u00e9 \u00e0 lever des fonds. Entre l&rsquo;<em>aut\u00f3nomo<\/em> qui engage tout votre patrimoine et la holding ETVE qui optimise la gestion de participations internationales, l&rsquo;\u00e9cart est colossal.<\/p><p><\/p><p><\/p><h3>Sociedad Limitada (SL) : la reine du march\u00e9 espagnol<\/h3><p><\/p><p><\/p><ul><li>Forme choisie par <strong>plus de 95 %<\/strong> des nouvelles soci\u00e9t\u00e9s immatricul\u00e9es en Espagne<\/li><li><strong>Capital minimum : 1 \u20ac<\/strong> depuis la <em>Ley 18\/2022 \u00ab Crea y Crece \u00bb<\/em> (contre 3 000 \u20ac auparavant) \u2014 avec obligation de r\u00e9serve l\u00e9gale de 20 % des b\u00e9n\u00e9fices jusqu&rsquo;\u00e0 atteindre 3 000 \u20ac<\/li><li>Responsabilit\u00e9 des associ\u00e9s limit\u00e9e aux apports<\/li><li><strong>IS \u00e0 15 %<\/strong> les deux premiers exercices b\u00e9n\u00e9fic<\/li><\/ul>\t\t\t\t\t\t\t\t<\/div>\n\t\t\t\t<\/div>\n\t\t\t\t<div class=\"elementor-element elementor-element-a71d8a3 elementor-widget elementor-widget-accordion\" data-id=\"a71d8a3\" data-element_type=\"widget\" data-e-type=\"widget\" data-widget_type=\"accordion.default\">\n\t\t\t\t<div class=\"elementor-widget-container\">\n\t\t\t\t\t\t\t<div class=\"elementor-accordion\">\n\t\t\t\t\t\t\t<div class=\"elementor-accordion-item\">\n\t\t\t\t\t<div id=\"elementor-tab-title-1751\" class=\"elementor-tab-title\" data-tab=\"1\" role=\"button\" aria-controls=\"elementor-tab-content-1751\" aria-expanded=\"false\">\n\t\t\t\t\t\t\t\t\t\t\t\t\t<span class=\"elementor-accordion-icon elementor-accordion-icon-left\" aria-hidden=\"true\">\n\t\t\t\t\t\t\t\t\t\t\t\t\t\t\t<span class=\"elementor-accordion-icon-closed\"><svg class=\"e-font-icon-svg e-fas-plus\" viewBox=\"0 0 448 512\" xmlns=\"http:\/\/www.w3.org\/2000\/svg\"><path d=\"M416 208H272V64c0-17.67-14.33-32-32-32h-32c-17.67 0-32 14.33-32 32v144H32c-17.67 0-32 14.33-32 32v32c0 17.67 14.33 32 32 32h144v144c0 17.67 14.33 32 32 32h32c17.67 0 32-14.33 32-32V304h144c17.67 0 32-14.33 32-32v-32c0-17.67-14.33-32-32-32z\"><\/path><\/svg><\/span>\n\t\t\t\t\t\t\t\t<span class=\"elementor-accordion-icon-opened\"><svg class=\"e-font-icon-svg e-fas-minus\" viewBox=\"0 0 448 512\" xmlns=\"http:\/\/www.w3.org\/2000\/svg\"><path d=\"M416 208H32c-17.67 0-32 14.33-32 32v32c0 17.67 14.33 32 32 32h384c17.67 0 32-14.33 32-32v-32c0-17.67-14.33-32-32-32z\"><\/path><\/svg><\/span>\n\t\t\t\t\t\t\t\t\t\t\t\t\t\t<\/span>\n\t\t\t\t\t\t\t\t\t\t\t\t<a class=\"elementor-accordion-title\" tabindex=\"0\">Quels documents sont n\u00e9cessaires pour obtenir le NIE et pour la cr\u00e9ation d'une entreprise en Espagne?<\/a>\n\t\t\t\t\t<\/div>\n\t\t\t\t\t<div id=\"elementor-tab-content-1751\" class=\"elementor-tab-content elementor-clearfix\" data-tab=\"1\" role=\"region\" aria-labelledby=\"elementor-tab-title-1751\"><p>En tant qu&rsquo;\u00e9tranger, l&rsquo;obtention du num\u00e9ro d&rsquo;identification \u00e9tranger (NIE) est une \u00e9tape cl\u00e9. Vous aurez besoin de votre passeport, du formulaire EX-15, et \u00e9ventuellement d&rsquo;un certificat de r\u00e9sident ou d&rsquo;une adresse en Espagne. Ce document vous sera \u00e9galement n\u00e9cessaire pour l&rsquo;enregistrement de votre soci\u00e9t\u00e9 au registre du commerce espagnol.<\/p><\/div>\n\t\t\t\t<\/div>\n\t\t\t\t\t\t\t<div class=\"elementor-accordion-item\">\n\t\t\t\t\t<div id=\"elementor-tab-title-1752\" class=\"elementor-tab-title\" data-tab=\"2\" role=\"button\" aria-controls=\"elementor-tab-content-1752\" aria-expanded=\"false\">\n\t\t\t\t\t\t\t\t\t\t\t\t\t<span class=\"elementor-accordion-icon elementor-accordion-icon-left\" aria-hidden=\"true\">\n\t\t\t\t\t\t\t\t\t\t\t\t\t\t\t<span class=\"elementor-accordion-icon-closed\"><svg class=\"e-font-icon-svg e-fas-plus\" viewBox=\"0 0 448 512\" xmlns=\"http:\/\/www.w3.org\/2000\/svg\"><path d=\"M416 208H272V64c0-17.67-14.33-32-32-32h-32c-17.67 0-32 14.33-32 32v144H32c-17.67 0-32 14.33-32 32v32c0 17.67 14.33 32 32 32h144v144c0 17.67 14.33 32 32 32h32c17.67 0 32-14.33 32-32V304h144c17.67 0 32-14.33 32-32v-32c0-17.67-14.33-32-32-32z\"><\/path><\/svg><\/span>\n\t\t\t\t\t\t\t\t<span class=\"elementor-accordion-icon-opened\"><svg class=\"e-font-icon-svg e-fas-minus\" viewBox=\"0 0 448 512\" xmlns=\"http:\/\/www.w3.org\/2000\/svg\"><path d=\"M416 208H32c-17.67 0-32 14.33-32 32v32c0 17.67 14.33 32 32 32h384c17.67 0 32-14.33 32-32v-32c0-17.67-14.33-32-32-32z\"><\/path><\/svg><\/span>\n\t\t\t\t\t\t\t\t\t\t\t\t\t\t<\/span>\n\t\t\t\t\t\t\t\t\t\t\t\t<a class=\"elementor-accordion-title\" tabindex=\"0\">Quel est le capital minimum requis pour la constitution d'une entreprise en Espagne ?<\/a>\n\t\t\t\t\t<\/div>\n\t\t\t\t\t<div id=\"elementor-tab-content-1752\" class=\"elementor-tab-content elementor-clearfix\" data-tab=\"2\" role=\"region\" aria-labelledby=\"elementor-tab-title-1752\"><p>Le capital minimum pour cr\u00e9er une soci\u00e9t\u00e9 \u00e0 responsabilit\u00e9 limit\u00e9e (Sociedad Limitada &#8211; SL) est de 3 000 euros. Pour une soci\u00e9t\u00e9 anonyme (Sociedad An\u00f3nima &#8211; SA), c&rsquo;est 60 000 euros dont au moins 25% doit \u00eatre lib\u00e9r\u00e9 \u00e0 la constitution.<\/p><\/div>\n\t\t\t\t<\/div>\n\t\t\t\t\t\t\t<div class=\"elementor-accordion-item\">\n\t\t\t\t\t<div id=\"elementor-tab-title-1753\" class=\"elementor-tab-title\" data-tab=\"3\" role=\"button\" aria-controls=\"elementor-tab-content-1753\" aria-expanded=\"false\">\n\t\t\t\t\t\t\t\t\t\t\t\t\t<span class=\"elementor-accordion-icon elementor-accordion-icon-left\" aria-hidden=\"true\">\n\t\t\t\t\t\t\t\t\t\t\t\t\t\t\t<span class=\"elementor-accordion-icon-closed\"><svg class=\"e-font-icon-svg e-fas-plus\" viewBox=\"0 0 448 512\" xmlns=\"http:\/\/www.w3.org\/2000\/svg\"><path d=\"M416 208H272V64c0-17.67-14.33-32-32-32h-32c-17.67 0-32 14.33-32 32v144H32c-17.67 0-32 14.33-32 32v32c0 17.67 14.33 32 32 32h144v144c0 17.67 14.33 32 32 32h32c17.67 0 32-14.33 32-32V304h144c17.67 0 32-14.33 32-32v-32c0-17.67-14.33-32-32-32z\"><\/path><\/svg><\/span>\n\t\t\t\t\t\t\t\t<span class=\"elementor-accordion-icon-opened\"><svg class=\"e-font-icon-svg e-fas-minus\" viewBox=\"0 0 448 512\" xmlns=\"http:\/\/www.w3.org\/2000\/svg\"><path d=\"M416 208H32c-17.67 0-32 14.33-32 32v32c0 17.67 14.33 32 32 32h384c17.67 0 32-14.33 32-32v-32c0-17.67-14.33-32-32-32z\"><\/path><\/svg><\/span>\n\t\t\t\t\t\t\t\t\t\t\t\t\t\t<\/span>\n\t\t\t\t\t\t\t\t\t\t\t\t<a class=\"elementor-accordion-title\" tabindex=\"0\">Quelle est la meilleure option entre SA, SL et auto-entrepreneur pour la cr\u00e9ation d'une soci\u00e9t\u00e9 en Espagne ?<\/a>\n\t\t\t\t\t<\/div>\n\t\t\t\t\t<div id=\"elementor-tab-content-1753\" class=\"elementor-tab-content elementor-clearfix\" data-tab=\"3\" role=\"region\" aria-labelledby=\"elementor-tab-title-1753\"><p>La s\u00e9lection du statut juridique de votre entreprise espagnole doit s&rsquo;aligner avec la structure de votre capital, le nombre d&rsquo;associ\u00e9s et vos besoins en responsabilit\u00e9 limit\u00e9e. Chaque forme a des implications fiscales, administratives et un co\u00fbt de constitution diff\u00e9rent.<\/p><\/div>\n\t\t\t\t<\/div>\n\t\t\t\t\t\t\t<div class=\"elementor-accordion-item\">\n\t\t\t\t\t<div id=\"elementor-tab-title-1754\" class=\"elementor-tab-title\" data-tab=\"4\" role=\"button\" aria-controls=\"elementor-tab-content-1754\" aria-expanded=\"false\">\n\t\t\t\t\t\t\t\t\t\t\t\t\t<span class=\"elementor-accordion-icon elementor-accordion-icon-left\" aria-hidden=\"true\">\n\t\t\t\t\t\t\t\t\t\t\t\t\t\t\t<span class=\"elementor-accordion-icon-closed\"><svg class=\"e-font-icon-svg e-fas-plus\" viewBox=\"0 0 448 512\" xmlns=\"http:\/\/www.w3.org\/2000\/svg\"><path d=\"M416 208H272V64c0-17.67-14.33-32-32-32h-32c-17.67 0-32 14.33-32 32v144H32c-17.67 0-32 14.33-32 32v32c0 17.67 14.33 32 32 32h144v144c0 17.67 14.33 32 32 32h32c17.67 0 32-14.33 32-32V304h144c17.67 0 32-14.33 32-32v-32c0-17.67-14.33-32-32-32z\"><\/path><\/svg><\/span>\n\t\t\t\t\t\t\t\t<span class=\"elementor-accordion-icon-opened\"><svg class=\"e-font-icon-svg e-fas-minus\" viewBox=\"0 0 448 512\" xmlns=\"http:\/\/www.w3.org\/2000\/svg\"><path d=\"M416 208H32c-17.67 0-32 14.33-32 32v32c0 17.67 14.33 32 32 32h384c17.67 0 32-14.33 32-32v-32c0-17.67-14.33-32-32-32z\"><\/path><\/svg><\/span>\n\t\t\t\t\t\t\t\t\t\t\t\t\t\t<\/span>\n\t\t\t\t\t\t\t\t\t\t\t\t<a class=\"elementor-accordion-title\" tabindex=\"0\">Quels sont les avantages \u00e0 cr\u00e9er une entreprise en Espagne compar\u00e9s aux autres pays de l'UE ?<\/a>\n\t\t\t\t\t<\/div>\n\t\t\t\t\t<div id=\"elementor-tab-content-1754\" class=\"elementor-tab-content elementor-clearfix\" data-tab=\"4\" role=\"region\" aria-labelledby=\"elementor-tab-title-1754\"><p>L&rsquo;Espagne offre des opportunit\u00e9s de march\u00e9 vari\u00e9es, des aides fiscales attractives et une position strat\u00e9gique en Europe. Il est essentiel de s&rsquo;informer sur ces avantages pour profiter pleinement du potentiel espagnol.<\/p><\/div>\n\t\t\t\t<\/div>\n\t\t\t\t\t\t\t<div class=\"elementor-accordion-item\">\n\t\t\t\t\t<div id=\"elementor-tab-title-1755\" class=\"elementor-tab-title\" data-tab=\"5\" role=\"button\" aria-controls=\"elementor-tab-content-1755\" aria-expanded=\"false\">\n\t\t\t\t\t\t\t\t\t\t\t\t\t<span class=\"elementor-accordion-icon elementor-accordion-icon-left\" aria-hidden=\"true\">\n\t\t\t\t\t\t\t\t\t\t\t\t\t\t\t<span class=\"elementor-accordion-icon-closed\"><svg class=\"e-font-icon-svg e-fas-plus\" viewBox=\"0 0 448 512\" xmlns=\"http:\/\/www.w3.org\/2000\/svg\"><path d=\"M416 208H272V64c0-17.67-14.33-32-32-32h-32c-17.67 0-32 14.33-32 32v144H32c-17.67 0-32 14.33-32 32v32c0 17.67 14.33 32 32 32h144v144c0 17.67 14.33 32 32 32h32c17.67 0 32-14.33 32-32V304h144c17.67 0 32-14.33 32-32v-32c0-17.67-14.33-32-32-32z\"><\/path><\/svg><\/span>\n\t\t\t\t\t\t\t\t<span class=\"elementor-accordion-icon-opened\"><svg class=\"e-font-icon-svg e-fas-minus\" viewBox=\"0 0 448 512\" xmlns=\"http:\/\/www.w3.org\/2000\/svg\"><path d=\"M416 208H32c-17.67 0-32 14.33-32 32v32c0 17.67 14.33 32 32 32h384c17.67 0 32-14.33 32-32v-32c0-17.67-14.33-32-32-32z\"><\/path><\/svg><\/span>\n\t\t\t\t\t\t\t\t\t\t\t\t\t\t<\/span>\n\t\t\t\t\t\t\t\t\t\t\t\t<a class=\"elementor-accordion-title\" tabindex=\"0\">Peut-on cr\u00e9er une filiale ou une succursale en Espagne pour une soci\u00e9t\u00e9 m\u00e8re fran\u00e7aise?<\/a>\n\t\t\t\t\t<\/div>\n\t\t\t\t\t<div id=\"elementor-tab-content-1755\" class=\"elementor-tab-content elementor-clearfix\" data-tab=\"5\" role=\"region\" aria-labelledby=\"elementor-tab-title-1755\"><p>Oui, c&rsquo;est tout \u00e0 fait possible. La cr\u00e9ation d&rsquo;une filiale ou d&rsquo;une succursale est une mani\u00e8re pour les entreprises fran\u00e7aises d&rsquo;\u00e9tablir une pr\u00e9sence permanente en Espagne, avec des proc\u00e9dures et une gestion fiscale propre \u00e0 ce type de structure.<\/p><\/div>\n\t\t\t\t<\/div>\n\t\t\t\t\t\t\t<div class=\"elementor-accordion-item\">\n\t\t\t\t\t<div id=\"elementor-tab-title-1756\" class=\"elementor-tab-title\" data-tab=\"6\" role=\"button\" aria-controls=\"elementor-tab-content-1756\" aria-expanded=\"false\">\n\t\t\t\t\t\t\t\t\t\t\t\t\t<span class=\"elementor-accordion-icon elementor-accordion-icon-left\" aria-hidden=\"true\">\n\t\t\t\t\t\t\t\t\t\t\t\t\t\t\t<span class=\"elementor-accordion-icon-closed\"><svg class=\"e-font-icon-svg e-fas-plus\" viewBox=\"0 0 448 512\" xmlns=\"http:\/\/www.w3.org\/2000\/svg\"><path d=\"M416 208H272V64c0-17.67-14.33-32-32-32h-32c-17.67 0-32 14.33-32 32v144H32c-17.67 0-32 14.33-32 32v32c0 17.67 14.33 32 32 32h144v144c0 17.67 14.33 32 32 32h32c17.67 0 32-14.33 32-32V304h144c17.67 0 32-14.33 32-32v-32c0-17.67-14.33-32-32-32z\"><\/path><\/svg><\/span>\n\t\t\t\t\t\t\t\t<span class=\"elementor-accordion-icon-opened\"><svg class=\"e-font-icon-svg e-fas-minus\" viewBox=\"0 0 448 512\" xmlns=\"http:\/\/www.w3.org\/2000\/svg\"><path d=\"M416 208H32c-17.67 0-32 14.33-32 32v32c0 17.67 14.33 32 32 32h384c17.67 0 32-14.33 32-32v-32c0-17.67-14.33-32-32-32z\"><\/path><\/svg><\/span>\n\t\t\t\t\t\t\t\t\t\t\t\t\t\t<\/span>\n\t\t\t\t\t\t\t\t\t\t\t\t<a class=\"elementor-accordion-title\" tabindex=\"0\">Combien de temps faut-il pr\u00e9voir pour le processus complet de cr\u00e9ation d'entreprise en Espagne ?<\/a>\n\t\t\t\t\t<\/div>\n\t\t\t\t\t<div id=\"elementor-tab-content-1756\" class=\"elementor-tab-content elementor-clearfix\" data-tab=\"6\" role=\"region\" aria-labelledby=\"elementor-tab-title-1756\"><p>Le temps n\u00e9cessaire varie selon le type de soci\u00e9t\u00e9, mais il faut g\u00e9n\u00e9ralement compter entre un et trois mois pour effectuer toutes les d\u00e9marches, depuis la demande de NIF jusqu&rsquo;\u00e0 l&rsquo;inscription au registre du commerce, en passant par la r\u00e9daction de l&rsquo;acte notari\u00e9 de constitution.<\/p><\/div>\n\t\t\t\t<\/div>\n\t\t\t\t\t\t\t<div class=\"elementor-accordion-item\">\n\t\t\t\t\t<div id=\"elementor-tab-title-1757\" class=\"elementor-tab-title\" data-tab=\"7\" role=\"button\" aria-controls=\"elementor-tab-content-1757\" aria-expanded=\"false\">\n\t\t\t\t\t\t\t\t\t\t\t\t\t<span class=\"elementor-accordion-icon elementor-accordion-icon-left\" aria-hidden=\"true\">\n\t\t\t\t\t\t\t\t\t\t\t\t\t\t\t<span class=\"elementor-accordion-icon-closed\"><svg class=\"e-font-icon-svg e-fas-plus\" viewBox=\"0 0 448 512\" xmlns=\"http:\/\/www.w3.org\/2000\/svg\"><path d=\"M416 208H272V64c0-17.67-14.33-32-32-32h-32c-17.67 0-32 14.33-32 32v144H32c-17.67 0-32 14.33-32 32v32c0 17.67 14.33 32 32 32h144v144c0 17.67 14.33 32 32 32h32c17.67 0 32-14.33 32-32V304h144c17.67 0 32-14.33 32-32v-32c0-17.67-14.33-32-32-32z\"><\/path><\/svg><\/span>\n\t\t\t\t\t\t\t\t<span class=\"elementor-accordion-icon-opened\"><svg class=\"e-font-icon-svg e-fas-minus\" viewBox=\"0 0 448 512\" xmlns=\"http:\/\/www.w3.org\/2000\/svg\"><path d=\"M416 208H32c-17.67 0-32 14.33-32 32v32c0 17.67 14.33 32 32 32h384c17.67 0 32-14.33 32-32v-32c0-17.67-14.33-32-32-32z\"><\/path><\/svg><\/span>\n\t\t\t\t\t\t\t\t\t\t\t\t\t\t<\/span>\n\t\t\t\t\t\t\t\t\t\t\t\t<a class=\"elementor-accordion-title\" tabindex=\"0\">Comment fonctionne le partenariat et la repr\u00e9sentation commerciale en Espagne ?<\/a>\n\t\t\t\t\t<\/div>\n\t\t\t\t\t<div id=\"elementor-tab-content-1757\" class=\"elementor-tab-content elementor-clearfix\" data-tab=\"7\" role=\"region\" aria-labelledby=\"elementor-tab-title-1757\"><p>Un partenariat en Espagne n\u00e9cessite une compr\u00e9hension mutuelle et un accord clair sur la fonction de chaque partenaire. Il peut \u00eatre formel ou informel et doit \u00eatre enregistr\u00e9 si n\u00e9cessaire. Pour la repr\u00e9sentation commerciale, il peut \u00eatre conseill\u00e9 de signer un contrat avec un agent commercial ou d&rsquo;\u00e9tablir une succursale.<\/p><\/div>\n\t\t\t\t<\/div>\n\t\t\t\t\t\t\t<div class=\"elementor-accordion-item\">\n\t\t\t\t\t<div id=\"elementor-tab-title-1758\" class=\"elementor-tab-title\" data-tab=\"8\" role=\"button\" aria-controls=\"elementor-tab-content-1758\" aria-expanded=\"false\">\n\t\t\t\t\t\t\t\t\t\t\t\t\t<span class=\"elementor-accordion-icon elementor-accordion-icon-left\" aria-hidden=\"true\">\n\t\t\t\t\t\t\t\t\t\t\t\t\t\t\t<span class=\"elementor-accordion-icon-closed\"><svg class=\"e-font-icon-svg e-fas-plus\" viewBox=\"0 0 448 512\" xmlns=\"http:\/\/www.w3.org\/2000\/svg\"><path d=\"M416 208H272V64c0-17.67-14.33-32-32-32h-32c-17.67 0-32 14.33-32 32v144H32c-17.67 0-32 14.33-32 32v32c0 17.67 14.33 32 32 32h144v144c0 17.67 14.33 32 32 32h32c17.67 0 32-14.33 32-32V304h144c17.67 0 32-14.33 32-32v-32c0-17.67-14.33-32-32-32z\"><\/path><\/svg><\/span>\n\t\t\t\t\t\t\t\t<span class=\"elementor-accordion-icon-opened\"><svg class=\"e-font-icon-svg e-fas-minus\" viewBox=\"0 0 448 512\" xmlns=\"http:\/\/www.w3.org\/2000\/svg\"><path d=\"M416 208H32c-17.67 0-32 14.33-32 32v32c0 17.67 14.33 32 32 32h384c17.67 0 32-14.33 32-32v-32c0-17.67-14.33-32-32-32z\"><\/path><\/svg><\/span>\n\t\t\t\t\t\t\t\t\t\t\t\t\t\t<\/span>\n\t\t\t\t\t\t\t\t\t\t\t\t<a class=\"elementor-accordion-title\" tabindex=\"0\">Quelle est l'importance de la domiciliation sociale pour une entreprise en Espagne ?<\/a>\n\t\t\t\t\t<\/div>\n\t\t\t\t\t<div id=\"elementor-tab-content-1758\" class=\"elementor-tab-content elementor-clearfix\" data-tab=\"8\" role=\"region\" aria-labelledby=\"elementor-tab-title-1758\"><p>Le domicile social est l&rsquo;adresse officielle de votre entreprise et a des implications fiscales et juridiques. Il est n\u00e9cessaire pour l&rsquo;enregistrement au registre du commerce et doit \u00eatre indiqu\u00e9 dans l&rsquo;acte de constitution.<\/p><\/div>\n\t\t\t\t<\/div>\n\t\t\t\t\t\t\t\t<\/div>\n\t\t\t\t\t\t<\/div>\n\t\t\t\t<\/div>\n\t\t\t\t\t<\/div>\n\t\t\t\t<\/div>\n\t\t\t\t<\/div>\n\t\t<style>\r\n.lwrp.link-whisper-related-posts{\r\n            \r\n            margin-top: 40px;\nmargin-bottom: 30px;\r\n        }\r\n        .lwrp .lwrp-title{\r\n            \r\n            \r\n        }.lwrp .lwrp-description{\r\n            \r\n            \r\n\r\n        }\r\n        .lwrp .lwrp-list-container{\r\n        }\r\n        .lwrp .lwrp-list-multi-container{\r\n            display: flex;\r\n        }\r\n        .lwrp .lwrp-list-double{\r\n            width: 48%;\r\n        }\r\n        .lwrp .lwrp-list-triple{\r\n            width: 32%;\r\n        }\r\n        .lwrp .lwrp-list-row-container{\r\n            display: flex;\r\n            justify-content: space-between;\r\n        }\r\n        .lwrp .lwrp-list-row-container .lwrp-list-item{\r\n            width: calc(16% - 20px);\r\n        }\r\n        .lwrp .lwrp-list-item:not(.lwrp-no-posts-message-item){\r\n            \r\n            max-width: 150px;list-style: none;\r\n        }\r\n        .lwrp .lwrp-list-item img{\r\n            max-width: 100%;\r\n            height: auto;\r\n            object-fit: cover;\r\n            aspect-ratio: 1 \/ 1;\r\n        }\r\n        .lwrp .lwrp-list-item.lwrp-empty-list-item{\r\n            background: initial !important;\r\n        }\r\n        .lwrp .lwrp-list-item .lwrp-list-link .lwrp-list-link-title-text,\r\n        .lwrp .lwrp-list-item .lwrp-list-no-posts-message{\r\n            \r\n            \r\n            \r\n            font-style: normal;\r\n        }@media screen and (max-width: 480px) {\r\n            .lwrp.link-whisper-related-posts{\r\n                \r\n                \r\n            }\r\n            .lwrp .lwrp-title{\r\n                \r\n                \r\n            }.lwrp .lwrp-description{\r\n                \r\n                \r\n            }\r\n            .lwrp .lwrp-list-multi-container{\r\n                flex-direction: column;\r\n            }\r\n            .lwrp .lwrp-list-multi-container ul.lwrp-list{\r\n                margin-top: 0px;\r\n                margin-bottom: 0px;\r\n                padding-top: 0px;\r\n                padding-bottom: 0px;\r\n            }\r\n            .lwrp .lwrp-list-double,\r\n            .lwrp .lwrp-list-triple{\r\n                width: 100%;\r\n            }\r\n            .lwrp .lwrp-list-row-container{\r\n                justify-content: initial;\r\n                flex-direction: column;\r\n            }\r\n            .lwrp .lwrp-list-row-container .lwrp-list-item{\r\n                width: 100%;\r\n            }\r\n            .lwrp .lwrp-list-item:not(.lwrp-no-posts-message-item){\r\n                \r\n                max-width: initial;\r\n            }\r\n            .lwrp .lwrp-list-item .lwrp-list-link .lwrp-list-link-title-text,\r\n            .lwrp .lwrp-list-item .lwrp-list-no-posts-message{\r\n                \r\n                \r\n                \r\n                \r\n            };\r\n        }<\/style>\r\n<div id=\"link-whisper-related-posts-widget\" class=\"link-whisper-related-posts lwrp\">\r\n    \r\n        <div class=\"lwrp-list-container\">\r\n                                <div class=\"lwrp-list lwrp-list-row-container lwrp-list-single-row\">\r\n                <div class=\"lwrp-list-item\"><a href=\"https:\/\/delaguialuzon.com\/fr\/blog\/creer-une-startup-en-espagne\/\" class=\"lwrp-list-link\"><img width=\"480\" height=\"320\" src=\"https:\/\/delaguialuzon.com\/wp-content\/uploads\/2025\/04\/startup-en-Espagne.jpg\" class=\"attachment-480x480 size-480x480 wp-post-image\" alt=\"\" srcset=\"https:\/\/delaguialuzon.com\/wp-content\/uploads\/2025\/04\/startup-en-Espagne.jpg 795w, https:\/\/delaguialuzon.com\/wp-content\/uploads\/2025\/04\/startup-en-Espagne-300x200.jpg 300w, https:\/\/delaguialuzon.com\/wp-content\/uploads\/2025\/04\/startup-en-Espagne-768x512.jpg 768w\" sizes=\"(max-width: 480px) 100vw, 480px\"><br><span class=\"lwrp-list-link-title-text\">Choisir le bon statut juridique pour lancer sa startup en Espagne<\/span><\/a><\/div><div class=\"lwrp-list-item\"><a href=\"https:\/\/delaguialuzon.com\/fr\/audit\/\" class=\"lwrp-list-link\"><img width=\"480\" height=\"319\" src=\"https:\/\/delaguialuzon.com\/wp-content\/uploads\/2024\/04\/audit-entreprise-valencia-scaled.jpg\" class=\"attachment-480x480 size-480x480 wp-post-image\" alt=\"Audit d&#039;entreprise Valencia\" srcset=\"https:\/\/delaguialuzon.com\/wp-content\/uploads\/2024\/04\/audit-entreprise-valencia-scaled.jpg 2560w, https:\/\/delaguialuzon.com\/wp-content\/uploads\/2024\/04\/audit-entreprise-valencia-300x200.jpg 300w, https:\/\/delaguialuzon.com\/wp-content\/uploads\/2024\/04\/audit-entreprise-valencia-1024x681.jpg 1024w, https:\/\/delaguialuzon.com\/wp-content\/uploads\/2024\/04\/audit-entreprise-valencia-768x511.jpg 768w, https:\/\/delaguialuzon.com\/wp-content\/uploads\/2024\/04\/audit-entreprise-valencia-1536x1022.jpg 1536w, https:\/\/delaguialuzon.com\/wp-content\/uploads\/2024\/04\/audit-entreprise-valencia-2048x1363.jpg 2048w\" sizes=\"(max-width: 480px) 100vw, 480px\" \/><br><span class=\"lwrp-list-link-title-text\">Audit d\u2019entreprises et restructuration<\/span><\/a><\/div><div class=\"lwrp-list-item\"><a href=\"https:\/\/delaguialuzon.com\/fr\/blog\/devenir-auto-entrepreneur-en-espagne\/\" class=\"lwrp-list-link\"><img width=\"480\" height=\"320\" src=\"https:\/\/delaguialuzon.com\/wp-content\/uploads\/2021\/06\/auto-entrepreneur-en-Espagne.jpg\" class=\"attachment-480x480 size-480x480 wp-post-image\" alt=\"auto-entrepreneur en Espagne\" srcset=\"https:\/\/delaguialuzon.com\/wp-content\/uploads\/2021\/06\/auto-entrepreneur-en-Espagne.jpg 950w, https:\/\/delaguialuzon.com\/wp-content\/uploads\/2021\/06\/auto-entrepreneur-en-Espagne-300x200.jpg 300w, https:\/\/delaguialuzon.com\/wp-content\/uploads\/2021\/06\/auto-entrepreneur-en-Espagne-768x513.jpg 768w\" sizes=\"(max-width: 480px) 100vw, 480px\" \/><br><span class=\"lwrp-list-link-title-text\">Devenir auto-entrepreneur en Espagne en 2026: tout savoir (D\u00e9marches, co\u00fbts, astuces)<\/span><\/a><\/div><div class=\"lwrp-list-item\"><a href=\"https:\/\/delaguialuzon.com\/fr\/audit-du-travail-pour-les-entreprises\/\" class=\"lwrp-list-link\"><img width=\"480\" height=\"312\" src=\"https:\/\/delaguialuzon.com\/wp-content\/uploads\/2024\/10\/auditoria-laboral.jpg\" class=\"attachment-480x480 size-480x480 wp-post-image\" alt=\"Audit du travail\" srcset=\"https:\/\/delaguialuzon.com\/wp-content\/uploads\/2024\/10\/auditoria-laboral.jpg 950w, https:\/\/delaguialuzon.com\/wp-content\/uploads\/2024\/10\/auditoria-laboral-300x195.jpg 300w, https:\/\/delaguialuzon.com\/wp-content\/uploads\/2024\/10\/auditoria-laboral-768x500.jpg 768w\" sizes=\"(max-width: 480px) 100vw, 480px\" \/><br><span class=\"lwrp-list-link-title-text\">Audit du travail pour les entreprises<\/span><\/a><\/div><div class=\"lwrp-list-item\"><a href=\"https:\/\/delaguialuzon.com\/fr\/blog\/restructuration-entreprise-espagne\/\" class=\"lwrp-list-link\"><img width=\"480\" height=\"306\" src=\"https:\/\/delaguialuzon.com\/wp-content\/uploads\/2025\/11\/restructuration-entreprise-en-espagne.jpg\" class=\"attachment-480x480 size-480x480 wp-post-image\" alt=\"\" srcset=\"https:\/\/delaguialuzon.com\/wp-content\/uploads\/2025\/11\/restructuration-entreprise-en-espagne.jpg 795w, https:\/\/delaguialuzon.com\/wp-content\/uploads\/2025\/11\/restructuration-entreprise-en-espagne-300x191.jpg 300w, https:\/\/delaguialuzon.com\/wp-content\/uploads\/2025\/11\/restructuration-entreprise-en-espagne-768x489.jpg 768w\" sizes=\"(max-width: 480px) 100vw, 480px\"><br><span class=\"lwrp-list-link-title-text\">Les cl\u00e9s d&#8217;une restructuration d&#8217;entreprise en Espagne : strat\u00e9gies et meilleures pratiques<\/span><\/a><\/div>                <\/div>\r\n                <\/div>\r\n<\/div>","protected":false},"excerpt":{"rendered":"<p>Capital SL \u00e0 1 \u20ac, IS \u00e0 15 % les deux premi\u00e8res ann\u00e9es, tarifa plana \u00e0 80 \u20ac\/mois : le cadre 2026 pour cr\u00e9er une entreprise en Espagne n&rsquo;a jamais \u00e9t\u00e9 aussi favorable. D\u00e9marches, formes juridiques, fiscalit\u00e9 et pi\u00e8ges \u00e0 \u00e9viter \u2014 le guide expert de Delagu\u00eda &#038; Luz\u00f3n.<\/p>\n","protected":false},"author":2,"featured_media":1924,"comment_status":"closed","ping_status":"closed","sticky":false,"template":"","format":"standard","meta":{"_mbp_gutenberg_autopost":false,"_joinchat":[],"footnotes":""},"categories":[69],"tags":[],"class_list":["post-1691","post","type-post","status-publish","format-standard","has-post-thumbnail","hentry","category-creer-une-entreprise"],"_links":{"self":[{"href":"https:\/\/delaguialuzon.com\/fr\/wp-json\/wp\/v2\/posts\/1691","targetHints":{"allow":["GET"]}}],"collection":[{"href":"https:\/\/delaguialuzon.com\/fr\/wp-json\/wp\/v2\/posts"}],"about":[{"href":"https:\/\/delaguialuzon.com\/fr\/wp-json\/wp\/v2\/types\/post"}],"author":[{"embeddable":true,"href":"https:\/\/delaguialuzon.com\/fr\/wp-json\/wp\/v2\/users\/2"}],"replies":[{"embeddable":true,"href":"https:\/\/delaguialuzon.com\/fr\/wp-json\/wp\/v2\/comments?post=1691"}],"version-history":[{"count":162,"href":"https:\/\/delaguialuzon.com\/fr\/wp-json\/wp\/v2\/posts\/1691\/revisions"}],"predecessor-version":[{"id":23786,"href":"https:\/\/delaguialuzon.com\/fr\/wp-json\/wp\/v2\/posts\/1691\/revisions\/23786"}],"wp:featuredmedia":[{"embeddable":true,"href":"https:\/\/delaguialuzon.com\/fr\/wp-json\/wp\/v2\/media\/1924"}],"wp:attachment":[{"href":"https:\/\/delaguialuzon.com\/fr\/wp-json\/wp\/v2\/media?parent=1691"}],"wp:term":[{"taxonomy":"category","embeddable":true,"href":"https:\/\/delaguialuzon.com\/fr\/wp-json\/wp\/v2\/categories?post=1691"},{"taxonomy":"post_tag","embeddable":true,"href":"https:\/\/delaguialuzon.com\/fr\/wp-json\/wp\/v2\/tags?post=1691"}],"curies":[{"name":"wp","href":"https:\/\/api.w.org\/{rel}","templated":true}]}}