{"id":2030,"date":"2025-10-07T11:54:44","date_gmt":"2025-10-07T09:54:44","guid":{"rendered":"https:\/\/delaguialuzon.com\/?p=2030"},"modified":"2026-02-25T18:36:12","modified_gmt":"2026-02-25T17:36:12","slug":"trouver-un-avocat-parlant-francais-a-valencia","status":"publish","type":"post","link":"https:\/\/delaguialuzon.com\/fr\/blog\/trouver-un-avocat-parlant-francais-a-valencia\/","title":{"rendered":"Comment trouver un avocat parlant fran\u00e7ais \u00e0 Valencia ?"},"content":{"rendered":"\t\t<div data-elementor-type=\"wp-post\" data-elementor-id=\"2030\" class=\"elementor elementor-2030\" data-elementor-post-type=\"post\">\n\t\t\t\t<div class=\"elementor-element elementor-element-fe7de99 e-flex e-con-boxed e-con e-parent\" data-id=\"fe7de99\" data-element_type=\"container\" data-e-type=\"container\" data-settings=\"{&quot;background_background&quot;:&quot;classic&quot;}\">\n\t\t\t\t\t<div class=\"e-con-inner\">\n\t\t\t\t<div class=\"elementor-element elementor-element-347d5b8 elementor-widget elementor-widget-text-editor\" data-id=\"347d5b8\" data-element_type=\"widget\" data-e-type=\"widget\" data-widget_type=\"text-editor.default\">\n\t\t\t\t<div class=\"elementor-widget-container\">\n\t\t\t\t\t\t\t\t\t<h2>Vous n\u2019avez pas le temps de tout lire ?<\/h2><p>Le cabinet Delagu\u00eda &amp; Luz\u00f3n, fort de plus de 65 ans d\u2019exp\u00e9rience en Espagne, met \u00e0 votre disposition une \u00e9quipe d\u2019avocats francophones qui vous accompagnent avec rigueur, \u00e9coute et r\u00e9activit\u00e9 dans toutes vos d\u00e9marches et proc\u00e9dures juridiques et fiscales.<\/p><p>Nous vous proposons des solutions concr\u00e8tes et des conseils personnalis\u00e9s adapt\u00e9s \u00e0 votre situation, qu\u2019il s\u2019agisse d\u2019un projet personnel ou professionnel.<\/p><p>Nos avocats en droit vous assistent dans plusieurs domaines : droit civil, <a href=\"https:\/\/delaguialuzon.com\/fr\/droit-commercial\/\">droit des affaires<\/a>, <a href=\"https:\/\/delaguialuzon.com\/fr\/droit-du-travail\/\">droit du travail<\/a>, <a href=\"https:\/\/delaguialuzon.com\/fr\/droit-immobilier\/\">droit immobilier<\/a>, <a href=\"https:\/\/delaguialuzon.com\/fr\/droit-fiscal-et-comptabilite\/\">droit fiscal<\/a>, droit social, droit public, droit de la famille et droit priv\u00e9.<\/p><p>Gr\u00e2ce \u00e0 cette expertise pluridisciplinaire, nous vous garantissons une approche globale et coh\u00e9rente de chaque dossier.<\/p><p>Qu\u2019il s\u2019agisse d\u2019un <a href=\"https:\/\/delaguialuzon.com\/fr\/blog\/rentabilite-locative-espagne\/\">investissement immobilier \u00e0 Valence<\/a>, d\u2019une cr\u00e9ation d\u2019entreprise, d\u2019une succession internationale ou d\u2019un litige fiscal, nous vous accompagnons \u00e0 chaque \u00e9tape pour d\u00e9fendre vos int\u00e9r\u00eats.<\/p><p>Nos avocats privil\u00e9gient une relation de confiance et une communication claire, afin que vous soyez pleinement inform\u00e9 des d\u00e9marches et des options qui s\u2019offrent \u00e0 vous.<\/p><p>Delagu\u00eda &amp; Luz\u00f3n vous assiste dans toutes vos proc\u00e9dures administratives et juridiques en Espagne et veille \u00e0 ce que chaque d\u00e9cision repose sur un avis \u00e9clair\u00e9.<\/p><p>Notre cabinet agit dans un esprit de transparence et d\u2019efficacit\u00e9, avec un seul objectif : vous permettre d\u2019avancer en toute s\u00e9curit\u00e9 dans vos projets \u00e0 Valence.<\/p>\t\t\t\t\t\t\t\t<\/div>\n\t\t\t\t<\/div>\n\t\t\t\t\t<\/div>\n\t\t\t\t<\/div>\n\t\t<div class=\"elementor-element elementor-element-3eafb7e6 e-flex e-con-boxed e-con e-parent\" data-id=\"3eafb7e6\" data-element_type=\"container\" data-e-type=\"container\">\n\t\t\t\t\t<div class=\"e-con-inner\">\n\t\t\t\t<div class=\"elementor-element elementor-element-61fad3ba elementor-widget elementor-widget-text-editor\" data-id=\"61fad3ba\" data-element_type=\"widget\" data-e-type=\"widget\" data-widget_type=\"text-editor.default\">\n\t\t\t\t<div class=\"elementor-widget-container\">\n\t\t\t\t\t\t\t\t\t<h2>Pourquoi tant de francophones choisissent Valence pour s\u2019installer et travailler ?<\/h2><p>Avec son climat doux, sa lumi\u00e8re dor\u00e9e et son rythme de vie m\u00e9diterran\u00e9en, la ville s\u00e9duit chaque ann\u00e9e de nombreux expatri\u00e9s, parmi lesquels une large communaut\u00e9 francophone bien \u00e9tablie.<\/p><p>Cette ville \u00e0 taille humaine conjugue qualit\u00e9 de vie, dynamisme \u00e9conomique et richesse culturelle. Elle offre un \u00e9quilibre rare entre <a href=\"https:\/\/delaguialuzon.com\/fr\/blog\/travailler-en-espagne-en-tant-que-francais\/\">opportunit\u00e9s professionnelles<\/a> et bien-\u00eatre personnel.<\/p><p>Ses grandes avenues baign\u00e9es d\u2019air marin, ses plages accessibles en quelques minutes, et ses 300 jours de soleil par an en font un lieu id\u00e9al pour vivre et travailler.<\/p><p>Que vous souhaitiez acheter un bien immobilier, investir dans la r\u00e9gion ou cr\u00e9er votre entreprise, il est essentiel d\u2019\u00eatre bien entour\u00e9.<\/p><p>Le cabinet Delagu\u00eda &amp; Luz\u00f3n met \u00e0 votre service une \u00e9quipe d\u2019avocats francophones sp\u00e9cialis\u00e9s en droit pour vous accompagner dans toutes vos d\u00e9marches.<\/p><p>Gr\u00e2ce \u00e0 leur exp\u00e9rience et leur \u00e9coute, nos juristes vous guident \u00e0 chaque \u00e9tape, qu\u2019il s\u2019agisse de votre projet professionnel ou de votre vie personnelle.<\/p><p>Avec un accompagnement sur mesure et une approche fond\u00e9e sur la relation de confiance, Delagu\u00eda &amp; Luz\u00f3n fait de votre installation \u00e0 Valence une r\u00e9ussite, sans obstacle administratif ni barri\u00e8re linguistique.<\/p><h2>Investir dans l&rsquo;immobilier \u00e0 Valencia<\/h2><p>Vous souhaitez <a href=\"https:\/\/delaguialuzon.com\/fr\/blog\/investir-immobilier-espagne\/\">investir dans l\u2019immobilier<\/a> dans les provinces d\u2019Alicante, Castell\u00f3n ou Valencia ?<\/p><p>Ces r\u00e9gions offrent un fort potentiel de rentabilit\u00e9, mais leur attractivit\u00e9 s\u2019accompagne de r\u00e8gles pr\u00e9cises.<\/p><p>Les r\u00e9glementations varient selon le type de bien, son anciennet\u00e9, son emplacement et son prix de vente.<\/p><p>Avant d\u2019acheter, il est donc essentiel de b\u00e9n\u00e9ficier de conseils adapt\u00e9s et d\u2019un accompagnement fiable pour s\u00e9curiser votre investissement, et de vous assurer que toutes les d\u00e9marches sont en ordre pour profiter sereinement du soleil, de l\u2019orxata et des fartons.<\/p><p>Le cabinet Delagu\u00eda &amp; Luz\u00f3n vous guide \u00e0 chaque \u00e9tape : v\u00e9rification de la conformit\u00e9 du bien, obtention des permis d\u2019urbanisme, r\u00e9daction des contrats de vente et suivi des <a href=\"https:\/\/delaguialuzon.com\/fr\/blog\/impots-achat-vente-immobiliere-en-espagne\/\">formalit\u00e9s fiscales<\/a>.<\/p><p>Nos avocats et notaires francophones mettent leur exp\u00e9rience au service de vos projets pour vous aider \u00e0 obtenir les meilleures conditions et garantir la s\u00e9curit\u00e9 juridique de votre acquisition.<\/p><p>Si vous envisagez de louer votre maison ou appartement, nos juristes vous guident dans le respect de la l\u00e9gislation en vigueur au sein de la <a href=\"https:\/\/delaguialuzon.com\/fr\/blog\/investir-immobilier-communaute-valencienne\/\">Communaut\u00e9 valencienne<\/a>.<\/p><p>Que votre bien soit une r\u00e9sidence principale, une r\u00e9sidence secondaire ou destin\u00e9 \u00e0 la location, nos experts en droit immobilier vous conseillent sur la meilleure strat\u00e9gie \u00e0 adopter pour rentabiliser votre patrimoine.<\/p><p>Gr\u00e2ce \u00e0 notre expertise dans le domaine de l\u2019urbanisme, de la fiscalit\u00e9 et des transactions immobili\u00e8res, nous vous proposons les conseils les plus avis\u00e9s pour faire fructifier votre patrimoine en toute s\u00e9r\u00e9nit\u00e9 sous le soleil valencien.<\/p><h2>Cr\u00e9er son entreprise \u00e0 Valence\u200b<\/h2><p>Vous r\u00eavez de vous lancer \u00e0 votre compte sous le soleil espagnol ?<\/p><p>Avec plus d\u2019un million d\u2019habitants dans la r\u00e9gion, la m\u00e9tropole offre un cadre id\u00e9al pour cr\u00e9er une soci\u00e9t\u00e9, d\u00e9velopper votre activit\u00e9 ind\u00e9pendante ou ouvrir votre commerce.<\/p><p>Dynamique et cosmopolite, la ville attire chaque ann\u00e9e de nouveaux clients, investisseurs et entrepreneurs de l&rsquo;Union europ\u00e9enne et du monde entier.<\/p><p>Toutes les g\u00e9n\u00e9rations y cohabitent, et cette diversit\u00e9 nourrit une activit\u00e9 \u00e9conomique riche et ouverte sur l\u2019international.<\/p><p>Son port strat\u00e9gique, son r\u00e9seau ferroviaire rapide et son a\u00e9roport international facilitent les \u00e9changes commerciaux et le d\u00e9veloppement de relations d\u2019affaires solides.<\/p><p><a href=\"https:\/\/delaguialuzon.com\/fr\/blog\/creer-une-entreprise-en-espagne\/\">Cr\u00e9er une entreprise en Espagne<\/a> demande toutefois une bonne compr\u00e9hension des proc\u00e9dures juridiques locales.<\/p><p>Notre cabinet d\u2019avocats francophones vous assiste dans chaque domaine du droit li\u00e9 \u00e0 la vie de votre entreprise : droit commercial, droit du travail, droit fiscal et droit des soci\u00e9t\u00e9s.<\/p><p>Nous vous aidons \u00e0 choisir la structure la plus adapt\u00e9e et \u00e0 r\u00e9diger vos contrats de travail, statuts et documents administratifs dans le respect de la loi espagnole.<\/p><p>Nos experts-comptables et <a href=\"https:\/\/delaguialuzon.com\/fr\/services-conseils-fiscaux\/\" data-wpil-monitor-id=\"200\">conseillers fiscaux<\/a> assurent \u00e9galement la conformit\u00e9 de votre soci\u00e9t\u00e9 avec les obligations fiscales et sociales en vigueur, que vous soyez employeur ou ind\u00e9pendant.<\/p><p>Nous intervenons aussi en cas de litige, de licenciement ou de rupture de contrat, afin de prot\u00e9ger vos droits et garantir la s\u00e9curit\u00e9 juridique de votre entreprise.<\/p><p>Gr\u00e2ce \u00e0 notre exp\u00e9rience et \u00e0 notre approche personnalis\u00e9e, nous agissons pour que votre activit\u00e9 professionnelle se d\u00e9veloppe dans les meilleures conditions, sous un ciel sans nuages, et dans le respect total de la l\u00e9gislation espagnole.<\/p><h2>Pr\u00e9parer son h\u00e9ritage et sa succession en Espagne\u200b<\/h2><p>Vous avez b\u00e2ti votre vie en Espagne et souhaitez d\u00e9sormais organiser la transmission de votre patrimoine ?<\/p><p>Vous avez des proches, parents ou enfants vivant sur place et vous vous interrogez sur le fonctionnement d\u2019une succession pour un Fran\u00e7ais r\u00e9sidant en Espagne ?<\/p><p>Les questions d\u2019h\u00e9ritage ou de succession sont souvent d\u00e9licates, surtout lorsqu\u2019elles touchent \u00e0 des aspects familiaux sensibles : divorce, m\u00e9sentente entre h\u00e9ritiers, partage de biens entre g\u00e9n\u00e9rations ou r\u00e9daction d\u2019un testament.<\/p><p>Dans ces moments, il est essentiel d\u2019\u00eatre accompagn\u00e9 par des professionnels capables d\u2019apporter des solutions juridiques claires et humaines.<\/p><p>Le cabinet Delagu\u00eda &amp; Luz\u00f3n met \u00e0 votre disposition des avocats et notaires francophones sp\u00e9cialis\u00e9s dans le <a href=\"https:\/\/delaguialuzon.com\/fr\/droit-de-succession\/\">droit des successions<\/a>.<\/p><p>Nous vous aidons \u00e0 r\u00e9diger votre testament, \u00e0 g\u00e9rer les proc\u00e9dures administratives et \u00e0 r\u00e9soudre tout d\u00e9saccord familial.<\/p><p>Notre \u00e9quipe vous assiste \u00e0 chaque \u00e9tape pour assurer la continuit\u00e9 de votre patrimoine et prot\u00e9ger vos proches.<\/p><p>Avec rigueur, r\u00e9activit\u00e9 et discr\u00e9tion, nous garantissons que votre succession se d\u00e9roule simplement et dans le respect de vos volont\u00e9s.<\/p><h2>Un cabinet d\u2019avocats francophones \u00e0 votre \u00e9coute<\/h2><p>De l\u2019investissement immobilier aux proc\u00e9dures de succession, le cabinet Delagu\u00eda &amp; Luz\u00f3n vous accompagne \u00e0 chaque \u00e9tape de votre parcours en Espagne.<\/p><p>Notre \u00e9quipe d\u2019avocats francophones met son professionnalisme et son exp\u00e9rience au service de vos projets, qu\u2019ils soient personnels ou li\u00e9s \u00e0 votre travail.<\/p><p>Nous prenons en charge l\u2019ensemble de vos dossiers juridiques, qu\u2019il s\u2019agisse de la r\u00e9daction d\u2019un contrat, de la validation d\u2019un accord ou du r\u00e8glement d\u2019un contentieux avec un client ou un employeur.<\/p><p>Chaque situation est analys\u00e9e avec soin afin de proposer une solution adapt\u00e9e et efficace, dans le respect des lois espagnoles et de vos int\u00e9r\u00eats.<\/p><p>Nous souhaitons vous permettre d\u2019atteindre vos objectifs en Espagne en toute tranquillit\u00e9, tout en b\u00e9n\u00e9ficiant d\u2019un accompagnement complet, rigoureux et humain.<\/p><p>R\u00e9alisez vos ambitions, d\u00e9veloppez votre activit\u00e9 et vivez pleinement sur la Costa Blanca, pendant que nous veillons \u00e0 la conformit\u00e9 et \u00e0 la s\u00e9curit\u00e9 de vos d\u00e9marches.<\/p>\t\t\t\t\t\t\t\t<\/div>\n\t\t\t\t<\/div>\n\t\t\t\t\t<\/div>\n\t\t\t\t<\/div>\n\t\t<div class=\"elementor-element elementor-element-e31e47a e-flex e-con-boxed e-con e-parent\" data-id=\"e31e47a\" data-element_type=\"container\" data-e-type=\"container\">\n\t\t\t\t\t<div class=\"e-con-inner\">\n\t\t\t\t\t<\/div>\n\t\t\t\t<\/div>\n\t\t<div class=\"elementor-element elementor-element-755a7c7 e-flex e-con-boxed e-con e-parent\" data-id=\"755a7c7\" data-element_type=\"container\" data-e-type=\"container\" data-settings=\"{&quot;background_background&quot;:&quot;classic&quot;}\">\n\t\t\t\t\t<div class=\"e-con-inner\">\n\t\t\t\t<div class=\"elementor-element elementor-element-da928c1 elementor-widget elementor-widget-text-editor\" data-id=\"da928c1\" data-element_type=\"widget\" data-e-type=\"widget\" data-widget_type=\"text-editor.default\">\n\t\t\t\t<div class=\"elementor-widget-container\">\n\t\t\t\t\t\t\t\t\t<p>Contactez d\u00e8s aujourd\u2019hui Delagu\u00eda &amp; Luz\u00f3n pour b\u00e9n\u00e9ficier d\u2019un accompagnement personnalis\u00e9 fond\u00e9 sur la confiance, la transparence et le savoir-faire.<\/p><p>\u00c0 la recherche d\u2019un avocat ou d\u2019un notaire parlant fran\u00e7ais \u00e0 Valencia ? <a href=\"https:\/\/delaguialuzon.com\/fr\/contact\/\">Contactez-nous<\/a>.<\/p><p>Adresse : Avinguda Regne de Valencia, 6, 1\u00ba \u2013 2\u00ba, 46005 Valencia, Espagne<br \/>T\u00e9l\u00e9phone : +34 963 74 16 57<br \/>E-mails :\u00a0<a href=\"mailto:felix.delaguia@delaguialuzon.com\"  rel=\"noopener\">felix.delaguia@delaguialuzon.com<\/a>\u00a0|\u00a0<a href=\"mailto:sonia.gomezluzon@delaguialuzon.com\"  rel=\"noopener\">sonia.gomezluzon@delaguialuzon.com<\/a><br \/>Horaires : Lundi \u2013 Jeudi : 8h30 \u2013 18h00 | Vendredi : 8h30 \u2013 15h00<\/p>\t\t\t\t\t\t\t\t<\/div>\n\t\t\t\t<\/div>\n\t\t\t\t\t<\/div>\n\t\t\t\t<\/div>\n\t\t<div class=\"elementor-element elementor-element-ee222ba e-flex e-con-boxed e-con e-parent\" data-id=\"ee222ba\" data-element_type=\"container\" data-e-type=\"container\">\n\t\t\t\t\t<div class=\"e-con-inner\">\n\t\t\t\t<div class=\"elementor-element elementor-element-acf25a9 elementor-widget elementor-widget-heading\" data-id=\"acf25a9\" data-element_type=\"widget\" data-e-type=\"widget\" data-widget_type=\"heading.default\">\n\t\t\t\t<div class=\"elementor-widget-container\">\n\t\t\t\t\t<h2 class=\"elementor-heading-title elementor-size-default\">FAQ<\/h2>\t\t\t\t<\/div>\n\t\t\t\t<\/div>\n\t\t\t\t<div class=\"elementor-element elementor-element-3b6e0a7 elementor-widget elementor-widget-n-accordion\" data-id=\"3b6e0a7\" data-element_type=\"widget\" data-e-type=\"widget\" data-settings=\"{&quot;default_state&quot;:&quot;expanded&quot;,&quot;max_items_expended&quot;:&quot;one&quot;,&quot;n_accordion_animation_duration&quot;:{&quot;unit&quot;:&quot;ms&quot;,&quot;size&quot;:400,&quot;sizes&quot;:[]}}\" data-widget_type=\"nested-accordion.default\">\n\t\t\t\t<div class=\"elementor-widget-container\">\n\t\t\t\t\t\t\t<div class=\"e-n-accordion\" aria-label=\"Accordion. Open links with Enter or Space, close with Escape, and navigate with Arrow Keys\">\n\t\t\t\t\t\t<details id=\"e-n-accordion-item-6230\" class=\"e-n-accordion-item\" open>\n\t\t\t\t<summary class=\"e-n-accordion-item-title\" data-accordion-index=\"1\" tabindex=\"0\" aria-expanded=\"true\" aria-controls=\"e-n-accordion-item-6230\" >\n\t\t\t\t\t<span class='e-n-accordion-item-title-header'><div class=\"e-n-accordion-item-title-text\"> Pourquoi faire appel \u00e0 un avocat francophone en Espagne ? <\/div><\/span>\n\t\t\t\t\t\t\t<span class='e-n-accordion-item-title-icon'>\n\t\t\t<span class='e-opened' ><svg aria-hidden=\"true\" class=\"e-font-icon-svg e-fas-minus\" viewBox=\"0 0 448 512\" xmlns=\"http:\/\/www.w3.org\/2000\/svg\"><path d=\"M416 208H32c-17.67 0-32 14.33-32 32v32c0 17.67 14.33 32 32 32h384c17.67 0 32-14.33 32-32v-32c0-17.67-14.33-32-32-32z\"><\/path><\/svg><\/span>\n\t\t\t<span class='e-closed'><svg aria-hidden=\"true\" class=\"e-font-icon-svg e-fas-plus\" viewBox=\"0 0 448 512\" xmlns=\"http:\/\/www.w3.org\/2000\/svg\"><path d=\"M416 208H272V64c0-17.67-14.33-32-32-32h-32c-17.67 0-32 14.33-32 32v144H32c-17.67 0-32 14.33-32 32v32c0 17.67 14.33 32 32 32h144v144c0 17.67 14.33 32 32 32h32c17.67 0 32-14.33 32-32V304h144c17.67 0 32-14.33 32-32v-32c0-17.67-14.33-32-32-32z\"><\/path><\/svg><\/span>\n\t\t<\/span>\n\n\t\t\t\t\t\t<\/summary>\n\t\t\t\t<div role=\"region\" aria-labelledby=\"e-n-accordion-item-6230\" class=\"elementor-element elementor-element-fcf7b82 e-con-full e-flex e-con e-child\" data-id=\"fcf7b82\" data-element_type=\"container\" data-e-type=\"container\">\n\t\t<div role=\"region\" aria-labelledby=\"e-n-accordion-item-6230\" class=\"elementor-element elementor-element-c8dd83a e-flex e-con-boxed e-con e-child\" data-id=\"c8dd83a\" data-element_type=\"container\" data-e-type=\"container\">\n\t\t\t\t\t<div class=\"e-con-inner\">\n\t\t\t\t<div class=\"elementor-element elementor-element-ff2654b elementor-widget elementor-widget-text-editor\" data-id=\"ff2654b\" data-element_type=\"widget\" data-e-type=\"widget\" data-widget_type=\"text-editor.default\">\n\t\t\t\t<div class=\"elementor-widget-container\">\n\t\t\t\t\t\t\t\t\t<br>Faire appel \u00e0 un <a href=\"https:\/\/delaguialuzon.com\/fr\/reseau-de-franchise\/\">avocat francophone facilite la compr\u00e9hension<\/a> de vos droits et des proc\u00e9dures juridiques espagnoles. Cela &eacute;vite les erreurs de traduction ou d&rsquo;interpr&eacute;tation et permet de communiquer facilement sur des questions complexes en mati&egrave;re de droit immobilier, fiscal, du travail ou des affaires.<\/p>\t\t\t\t\t\t\t\t<\/div>\n\t\t\t\t<\/div>\n\t\t\t\t\t<\/div>\n\t\t\t\t<\/div>\n\t\t\t\t<\/div>\n\t\t\t\t\t<\/details>\n\t\t\t\t\t\t<details id=\"e-n-accordion-item-6231\" class=\"e-n-accordion-item\" >\n\t\t\t\t<summary class=\"e-n-accordion-item-title\" data-accordion-index=\"2\" tabindex=\"-1\" aria-expanded=\"false\" aria-controls=\"e-n-accordion-item-6231\" >\n\t\t\t\t\t<span class='e-n-accordion-item-title-header'><div class=\"e-n-accordion-item-title-text\"> Comment cr\u00e9er une soci\u00e9t\u00e9 en Espagne quand on est Fran\u00e7ais ? <\/div><\/span>\n\t\t\t\t\t\t\t<span class='e-n-accordion-item-title-icon'>\n\t\t\t<span class='e-opened' ><svg aria-hidden=\"true\" class=\"e-font-icon-svg e-fas-minus\" viewBox=\"0 0 448 512\" xmlns=\"http:\/\/www.w3.org\/2000\/svg\"><path d=\"M416 208H32c-17.67 0-32 14.33-32 32v32c0 17.67 14.33 32 32 32h384c17.67 0 32-14.33 32-32v-32c0-17.67-14.33-32-32-32z\"><\/path><\/svg><\/span>\n\t\t\t<span class='e-closed'><svg aria-hidden=\"true\" class=\"e-font-icon-svg e-fas-plus\" viewBox=\"0 0 448 512\" xmlns=\"http:\/\/www.w3.org\/2000\/svg\"><path d=\"M416 208H272V64c0-17.67-14.33-32-32-32h-32c-17.67 0-32 14.33-32 32v144H32c-17.67 0-32 14.33-32 32v32c0 17.67 14.33 32 32 32h144v144c0 17.67 14.33 32 32 32h32c17.67 0 32-14.33 32-32V304h144c17.67 0 32-14.33 32-32v-32c0-17.67-14.33-32-32-32z\"><\/path><\/svg><\/span>\n\t\t<\/span>\n\n\t\t\t\t\t\t<\/summary>\n\t\t\t\t<div role=\"region\" aria-labelledby=\"e-n-accordion-item-6231\" class=\"elementor-element elementor-element-c3b98d6 e-con-full e-flex e-con e-child\" data-id=\"c3b98d6\" data-element_type=\"container\" data-e-type=\"container\">\n\t\t<div role=\"region\" aria-labelledby=\"e-n-accordion-item-6231\" class=\"elementor-element elementor-element-12f8e0a e-flex e-con-boxed e-con e-child\" data-id=\"12f8e0a\" data-element_type=\"container\" data-e-type=\"container\">\n\t\t\t\t\t<div class=\"e-con-inner\">\n\t\t\t\t<div class=\"elementor-element elementor-element-59b4c14 elementor-widget elementor-widget-text-editor\" data-id=\"59b4c14\" data-element_type=\"widget\" data-e-type=\"widget\" data-widget_type=\"text-editor.default\">\n\t\t\t\t<div class=\"elementor-widget-container\">\n\t\t\t\t\t\t\t\t\t<br>Il faut choisir une forme juridique (auto-entrepreneur, SL, SA&hellip;), obtenir le NIE, r&eacute;diger les statuts et s&rsquo;immatriculer au Registre du commerce. Nos avocats et experts-comptables vous assistent dans la cr&eacute;ation, la fiscalit&eacute; et les obligations sociales de votre entreprise.<\/p>\t\t\t\t\t\t\t\t<\/div>\n\t\t\t\t<\/div>\n\t\t\t\t\t<\/div>\n\t\t\t\t<\/div>\n\t\t\t\t<\/div>\n\t\t\t\t\t<\/details>\n\t\t\t\t\t\t<details id=\"e-n-accordion-item-6232\" class=\"e-n-accordion-item\" >\n\t\t\t\t<summary class=\"e-n-accordion-item-title\" data-accordion-index=\"3\" tabindex=\"-1\" aria-expanded=\"false\" aria-controls=\"e-n-accordion-item-6232\" >\n\t\t\t\t\t<span class='e-n-accordion-item-title-header'><div class=\"e-n-accordion-item-title-text\"> Quelles sont les diff\u00e9rences entre le droit espagnol et le droit fran\u00e7ais ? <\/div><\/span>\n\t\t\t\t\t\t\t<span class='e-n-accordion-item-title-icon'>\n\t\t\t<span class='e-opened' ><svg aria-hidden=\"true\" class=\"e-font-icon-svg e-fas-minus\" viewBox=\"0 0 448 512\" xmlns=\"http:\/\/www.w3.org\/2000\/svg\"><path d=\"M416 208H32c-17.67 0-32 14.33-32 32v32c0 17.67 14.33 32 32 32h384c17.67 0 32-14.33 32-32v-32c0-17.67-14.33-32-32-32z\"><\/path><\/svg><\/span>\n\t\t\t<span class='e-closed'><svg aria-hidden=\"true\" class=\"e-font-icon-svg e-fas-plus\" viewBox=\"0 0 448 512\" xmlns=\"http:\/\/www.w3.org\/2000\/svg\"><path d=\"M416 208H272V64c0-17.67-14.33-32-32-32h-32c-17.67 0-32 14.33-32 32v144H32c-17.67 0-32 14.33-32 32v32c0 17.67 14.33 32 32 32h144v144c0 17.67 14.33 32 32 32h32c17.67 0 32-14.33 32-32V304h144c17.67 0 32-14.33 32-32v-32c0-17.67-14.33-32-32-32z\"><\/path><\/svg><\/span>\n\t\t<\/span>\n\n\t\t\t\t\t\t<\/summary>\n\t\t\t\t<div role=\"region\" aria-labelledby=\"e-n-accordion-item-6232\" class=\"elementor-element elementor-element-a11af0c e-con-full e-flex e-con e-child\" data-id=\"a11af0c\" data-element_type=\"container\" data-e-type=\"container\">\n\t\t<div role=\"region\" aria-labelledby=\"e-n-accordion-item-6232\" class=\"elementor-element elementor-element-d8e3d76 e-flex e-con-boxed e-con e-child\" data-id=\"d8e3d76\" data-element_type=\"container\" data-e-type=\"container\">\n\t\t\t\t\t<div class=\"e-con-inner\">\n\t\t\t\t<div class=\"elementor-element elementor-element-d0864b7 elementor-widget elementor-widget-text-editor\" data-id=\"d0864b7\" data-element_type=\"widget\" data-e-type=\"widget\" data-widget_type=\"text-editor.default\">\n\t\t\t\t<div class=\"elementor-widget-container\">\n\t\t\t\t\t\t\t\t\t<br>Le droit espagnol repose sur des bases similaires au droit fran&ccedil;ais, mais les proc&eacute;dures, d&eacute;lais et fiscalit&eacute;s diff&egrave;rent. Par exemple, les contrats de travail ou les successions sont r&eacute;gis par des r&egrave;gles propres &agrave; chaque r&eacute;gion. Un avocat local francophone garantit la bonne interpr&eacute;tation de ces diff&eacute;rences.<\/p>\t\t\t\t\t\t\t\t<\/div>\n\t\t\t\t<\/div>\n\t\t\t\t\t<\/div>\n\t\t\t\t<\/div>\n\t\t\t\t<\/div>\n\t\t\t\t\t<\/details>\n\t\t\t\t\t\t<details id=\"e-n-accordion-item-6233\" class=\"e-n-accordion-item\" >\n\t\t\t\t<summary class=\"e-n-accordion-item-title\" data-accordion-index=\"4\" tabindex=\"-1\" aria-expanded=\"false\" aria-controls=\"e-n-accordion-item-6233\" >\n\t\t\t\t\t<span class='e-n-accordion-item-title-header'><div class=\"e-n-accordion-item-title-text\"> Comment fonctionne la succession pour un Fran\u00e7ais ayant des biens en Espagne ? <\/div><\/span>\n\t\t\t\t\t\t\t<span class='e-n-accordion-item-title-icon'>\n\t\t\t<span class='e-opened' ><svg aria-hidden=\"true\" class=\"e-font-icon-svg e-fas-minus\" viewBox=\"0 0 448 512\" xmlns=\"http:\/\/www.w3.org\/2000\/svg\"><path d=\"M416 208H32c-17.67 0-32 14.33-32 32v32c0 17.67 14.33 32 32 32h384c17.67 0 32-14.33 32-32v-32c0-17.67-14.33-32-32-32z\"><\/path><\/svg><\/span>\n\t\t\t<span class='e-closed'><svg aria-hidden=\"true\" class=\"e-font-icon-svg e-fas-plus\" viewBox=\"0 0 448 512\" xmlns=\"http:\/\/www.w3.org\/2000\/svg\"><path d=\"M416 208H272V64c0-17.67-14.33-32-32-32h-32c-17.67 0-32 14.33-32 32v144H32c-17.67 0-32 14.33-32 32v32c0 17.67 14.33 32 32 32h144v144c0 17.67 14.33 32 32 32h32c17.67 0 32-14.33 32-32V304h144c17.67 0 32-14.33 32-32v-32c0-17.67-14.33-32-32-32z\"><\/path><\/svg><\/span>\n\t\t<\/span>\n\n\t\t\t\t\t\t<\/summary>\n\t\t\t\t<div role=\"region\" aria-labelledby=\"e-n-accordion-item-6233\" class=\"elementor-element elementor-element-87b369b e-con-full e-flex e-con e-child\" data-id=\"87b369b\" data-element_type=\"container\" data-e-type=\"container\">\n\t\t<div role=\"region\" aria-labelledby=\"e-n-accordion-item-6233\" class=\"elementor-element elementor-element-9b1610b e-flex e-con-boxed e-con e-child\" data-id=\"9b1610b\" data-element_type=\"container\" data-e-type=\"container\">\n\t\t\t\t\t<div class=\"e-con-inner\">\n\t\t\t\t<div class=\"elementor-element elementor-element-2cfab52 elementor-widget elementor-widget-text-editor\" data-id=\"2cfab52\" data-element_type=\"widget\" data-e-type=\"widget\" data-widget_type=\"text-editor.default\">\n\t\t\t\t<div class=\"elementor-widget-container\">\n\t\t\t\t\t\t\t\t\t<p><br \/>Les successions suivent le r\u00e8glement europ\u00e9en 650\/2012, qui permet de choisir la loi nationale applicable (fran\u00e7aise ou espagnole). Nos avocats sp\u00e9cialis\u00e9s vous aident \u00e0 r\u00e9diger un testament, r\u00e9gler une succession internationale ou r\u00e9soudre un conflit familial entre h\u00e9ritiers.<\/p>\t\t\t\t\t\t\t\t<\/div>\n\t\t\t\t<\/div>\n\t\t\t\t\t<\/div>\n\t\t\t\t<\/div>\n\t\t\t\t<\/div>\n\t\t\t\t\t<\/details>\n\t\t\t\t\t\t<details id=\"e-n-accordion-item-6234\" class=\"e-n-accordion-item\" >\n\t\t\t\t<summary class=\"e-n-accordion-item-title\" data-accordion-index=\"5\" tabindex=\"-1\" aria-expanded=\"false\" aria-controls=\"e-n-accordion-item-6234\" >\n\t\t\t\t\t<span class='e-n-accordion-item-title-header'><div class=\"e-n-accordion-item-title-text\"> Que faire en cas de litige professionnel ou de licenciement ? <\/div><\/span>\n\t\t\t\t\t\t\t<span class='e-n-accordion-item-title-icon'>\n\t\t\t<span class='e-opened' ><svg aria-hidden=\"true\" class=\"e-font-icon-svg e-fas-minus\" viewBox=\"0 0 448 512\" xmlns=\"http:\/\/www.w3.org\/2000\/svg\"><path d=\"M416 208H32c-17.67 0-32 14.33-32 32v32c0 17.67 14.33 32 32 32h384c17.67 0 32-14.33 32-32v-32c0-17.67-14.33-32-32-32z\"><\/path><\/svg><\/span>\n\t\t\t<span class='e-closed'><svg aria-hidden=\"true\" class=\"e-font-icon-svg e-fas-plus\" viewBox=\"0 0 448 512\" xmlns=\"http:\/\/www.w3.org\/2000\/svg\"><path d=\"M416 208H272V64c0-17.67-14.33-32-32-32h-32c-17.67 0-32 14.33-32 32v144H32c-17.67 0-32 14.33-32 32v32c0 17.67 14.33 32 32 32h144v144c0 17.67 14.33 32 32 32h32c17.67 0 32-14.33 32-32V304h144c17.67 0 32-14.33 32-32v-32c0-17.67-14.33-32-32-32z\"><\/path><\/svg><\/span>\n\t\t<\/span>\n\n\t\t\t\t\t\t<\/summary>\n\t\t\t\t<div role=\"region\" aria-labelledby=\"e-n-accordion-item-6234\" class=\"elementor-element elementor-element-5f4e202 e-flex e-con-boxed e-con e-child\" data-id=\"5f4e202\" data-element_type=\"container\" data-e-type=\"container\">\n\t\t\t\t\t<div class=\"e-con-inner\">\n\t\t<div role=\"region\" aria-labelledby=\"e-n-accordion-item-6234\" class=\"elementor-element elementor-element-6d97c06 e-con-full e-flex e-con e-child\" data-id=\"6d97c06\" data-element_type=\"container\" data-e-type=\"container\">\n\t\t\t\t<div class=\"elementor-element elementor-element-1be2857 elementor-widget elementor-widget-text-editor\" data-id=\"1be2857\" data-element_type=\"widget\" data-e-type=\"widget\" data-widget_type=\"text-editor.default\">\n\t\t\t\t<div class=\"elementor-widget-container\">\n\t\t\t\t\t\t\t\t\t<br>Nos avocats en droit du travail accompagnent employeurs et salari&eacute;s dans les proc&eacute;dures de licenciement, la n&eacute;gociation d&rsquo;accords ou la contestation devant les tribunaux. Le but est de trouver une solution rapide et &eacute;quitable tout en respectant la l&eacute;gislation espagnole.<\/p>\t\t\t\t\t\t\t\t<\/div>\n\t\t\t\t<\/div>\n\t\t\t\t<\/div>\n\t\t\t\t\t<\/div>\n\t\t\t\t<\/div>\n\t\t\t\t\t<\/details>\n\t\t\t\t\t<\/div>\n\t\t\t\t\t\t<\/div>\n\t\t\t\t<\/div>\n\t\t\t\t\t<\/div>\n\t\t\t\t<\/div>\n\t\t\t\t<\/div>\n\t\t<style>\r\n.lwrp.link-whisper-related-posts{\r\n            \r\n            margin-top: 40px;\nmargin-bottom: 30px;\r\n        }\r\n        .lwrp .lwrp-title{\r\n            \r\n            \r\n        }.lwrp .lwrp-description{\r\n            \r\n            \r\n\r\n        }\r\n        .lwrp .lwrp-list-container{\r\n        }\r\n        .lwrp .lwrp-list-multi-container{\r\n            display: flex;\r\n        }\r\n        .lwrp .lwrp-list-double{\r\n            width: 48%;\r\n        }\r\n        .lwrp .lwrp-list-triple{\r\n            width: 32%;\r\n        }\r\n        .lwrp .lwrp-list-row-container{\r\n            display: flex;\r\n            justify-content: space-between;\r\n        }\r\n        .lwrp .lwrp-list-row-container .lwrp-list-item{\r\n            width: calc(16% - 20px);\r\n        }\r\n        .lwrp .lwrp-list-item:not(.lwrp-no-posts-message-item){\r\n            \r\n            max-width: 150px;list-style: none;\r\n        }\r\n        .lwrp .lwrp-list-item img{\r\n            max-width: 100%;\r\n            height: auto;\r\n            object-fit: cover;\r\n            aspect-ratio: 1 \/ 1;\r\n        }\r\n        .lwrp .lwrp-list-item.lwrp-empty-list-item{\r\n            background: initial !important;\r\n        }\r\n        .lwrp .lwrp-list-item .lwrp-list-link .lwrp-list-link-title-text,\r\n        .lwrp .lwrp-list-item .lwrp-list-no-posts-message{\r\n            \r\n            \r\n            \r\n            font-style: normal;\r\n        }@media screen and (max-width: 480px) {\r\n            .lwrp.link-whisper-related-posts{\r\n                \r\n                \r\n            }\r\n            .lwrp .lwrp-title{\r\n                \r\n                \r\n            }.lwrp .lwrp-description{\r\n                \r\n                \r\n            }\r\n            .lwrp .lwrp-list-multi-container{\r\n                flex-direction: column;\r\n            }\r\n            .lwrp .lwrp-list-multi-container ul.lwrp-list{\r\n                margin-top: 0px;\r\n                margin-bottom: 0px;\r\n                padding-top: 0px;\r\n                padding-bottom: 0px;\r\n            }\r\n            .lwrp .lwrp-list-double,\r\n            .lwrp .lwrp-list-triple{\r\n                width: 100%;\r\n            }\r\n            .lwrp .lwrp-list-row-container{\r\n                justify-content: initial;\r\n                flex-direction: column;\r\n            }\r\n            .lwrp .lwrp-list-row-container .lwrp-list-item{\r\n                width: 100%;\r\n            }\r\n            .lwrp .lwrp-list-item:not(.lwrp-no-posts-message-item){\r\n                \r\n                max-width: initial;\r\n            }\r\n            .lwrp .lwrp-list-item .lwrp-list-link .lwrp-list-link-title-text,\r\n            .lwrp .lwrp-list-item .lwrp-list-no-posts-message{\r\n                \r\n                \r\n                \r\n                \r\n            };\r\n        }<\/style>\r\n<div id=\"link-whisper-related-posts-widget\" class=\"link-whisper-related-posts lwrp\">\r\n    \r\n        <div class=\"lwrp-list-container\">\r\n                                <div class=\"lwrp-list lwrp-list-row-container lwrp-list-single-row\">\r\n                <div class=\"lwrp-list-item\"><a href=\"https:\/\/delaguialuzon.com\/fr\/reseau-de-franchise\/\" class=\"lwrp-list-link\"><img width=\"480\" height=\"320\" src=\"https:\/\/delaguialuzon.com\/wp-content\/uploads\/2025\/05\/developpement-des-reseaux-de-franchise.jpg\" class=\"attachment-480x480 size-480x480 wp-post-image\" alt=\"desarrollo de redes de franquicia\" srcset=\"https:\/\/delaguialuzon.com\/wp-content\/uploads\/2025\/05\/developpement-des-reseaux-de-franchise.jpg 1000w, https:\/\/delaguialuzon.com\/wp-content\/uploads\/2025\/05\/developpement-des-reseaux-de-franchise-300x200.jpg 300w, https:\/\/delaguialuzon.com\/wp-content\/uploads\/2025\/05\/developpement-des-reseaux-de-franchise-768x512.jpg 768w\" sizes=\"(max-width: 480px) 100vw, 480px\" \/><br><span class=\"lwrp-list-link-title-text\">D\u00e9veloppement de r\u00e9seaux de franchise en Espagne<\/span><\/a><\/div><div class=\"lwrp-list-item\"><a href=\"https:\/\/delaguialuzon.com\/fr\/gestion-sociale-des-entreprises\/\" class=\"lwrp-list-link\"><img width=\"480\" height=\"320\" src=\"https:\/\/delaguialuzon.com\/wp-content\/uploads\/2024\/04\/gestion-sociale-entreprise-valencia-scaled.jpg\" class=\"attachment-480x480 size-480x480 wp-post-image\" alt=\"Gestion sociale d&#039;entreprise Valencia\" srcset=\"https:\/\/delaguialuzon.com\/wp-content\/uploads\/2024\/04\/gestion-sociale-entreprise-valencia-scaled.jpg 2560w, https:\/\/delaguialuzon.com\/wp-content\/uploads\/2024\/04\/gestion-sociale-entreprise-valencia-300x200.jpg 300w, https:\/\/delaguialuzon.com\/wp-content\/uploads\/2024\/04\/gestion-sociale-entreprise-valencia-1024x683.jpg 1024w, https:\/\/delaguialuzon.com\/wp-content\/uploads\/2024\/04\/gestion-sociale-entreprise-valencia-768x512.jpg 768w, https:\/\/delaguialuzon.com\/wp-content\/uploads\/2024\/04\/gestion-sociale-entreprise-valencia-1536x1024.jpg 1536w, https:\/\/delaguialuzon.com\/wp-content\/uploads\/2024\/04\/gestion-sociale-entreprise-valencia-2048x1365.jpg 2048w\" sizes=\"(max-width: 480px) 100vw, 480px\" \/><br><span class=\"lwrp-list-link-title-text\">Services de gestion des ressources humaines \u00e0 Valencia<\/span><\/a><\/div><div class=\"lwrp-list-item\"><a href=\"https:\/\/delaguialuzon.com\/fr\/blog\/loi-beckham-regime-fiscal\/\" class=\"lwrp-list-link\"><img width=\"480\" height=\"320\" src=\"https:\/\/delaguialuzon.com\/wp-content\/uploads\/2022\/02\/\u0417\u0430\u043a\u043e\u043d_\u0411\u0435\u043a\u0445\u044d\u043c\u0430-1.jpg\" class=\"attachment-480x480 size-480x480 wp-post-image\" alt=\"loi Beckham\" srcset=\"https:\/\/delaguialuzon.com\/wp-content\/uploads\/2022\/02\/\u0417\u0430\u043a\u043e\u043d_\u0411\u0435\u043a\u0445\u044d\u043c\u0430-1.jpg 950w, https:\/\/delaguialuzon.com\/wp-content\/uploads\/2022\/02\/\u0417\u0430\u043a\u043e\u043d_\u0411\u0435\u043a\u0445\u044d\u043c\u0430-1-300x200.jpg 300w, https:\/\/delaguialuzon.com\/wp-content\/uploads\/2022\/02\/\u0417\u0430\u043a\u043e\u043d_\u0411\u0435\u043a\u0445\u044d\u043c\u0430-1-768x513.jpg 768w\" sizes=\"(max-width: 480px) 100vw, 480px\" \/><br><span class=\"lwrp-list-link-title-text\">Loi Beckham : tout savoir sur ce r\u00e9gime fiscal cr\u00e9\u00e9 pour les \u00e9trangers<\/span><\/a><\/div><div class=\"lwrp-list-item\"><a href=\"https:\/\/delaguialuzon.com\/fr\/blog\/conseiller-juridique-franco-espagnol-valencia\/\" class=\"lwrp-list-link\"><img width=\"480\" height=\"320\" src=\"https:\/\/delaguialuzon.com\/wp-content\/uploads\/2021\/03\/assistance-juridique-en-espagne.jpg\" class=\"attachment-480x480 size-480x480 wp-post-image\" alt=\"assistance juridique en Espagne\" srcset=\"https:\/\/delaguialuzon.com\/wp-content\/uploads\/2021\/03\/assistance-juridique-en-espagne.jpg 950w, https:\/\/delaguialuzon.com\/wp-content\/uploads\/2021\/03\/assistance-juridique-en-espagne-300x200.jpg 300w, https:\/\/delaguialuzon.com\/wp-content\/uploads\/2021\/03\/assistance-juridique-en-espagne-768x512.jpg 768w\" sizes=\"(max-width: 480px) 100vw, 480px\" \/><br><span class=\"lwrp-list-link-title-text\">Delagu\u00eda y Luz\u00f3n, votre cabinet juridique franco-espagnol de confiance \u00e0 Val\u00e8ncia<\/span><\/a><\/div><div class=\"lwrp-list-item\"><a href=\"https:\/\/delaguialuzon.com\/fr\/blog\/impots-achat-vente-immobiliere-en-espagne\/\" class=\"lwrp-list-link\"><img width=\"480\" height=\"321\" src=\"https:\/\/delaguialuzon.com\/wp-content\/uploads\/2022\/06\/impots-immobiliers-espagne.jpg\" class=\"attachment-480x480 size-480x480 wp-post-image\" alt=\"imp\u00f4ts immobiliers\" srcset=\"https:\/\/delaguialuzon.com\/wp-content\/uploads\/2022\/06\/impots-immobiliers-espagne.jpg 950w, https:\/\/delaguialuzon.com\/wp-content\/uploads\/2022\/06\/impots-immobiliers-espagne-300x201.jpg 300w, https:\/\/delaguialuzon.com\/wp-content\/uploads\/2022\/06\/impots-immobiliers-espagne-768x513.jpg 768w\" sizes=\"(max-width: 480px) 100vw, 480px\" \/><br><span class=\"lwrp-list-link-title-text\">Les imp\u00f4ts \u00e0 payer lors d\u2019un achat et d\u2019une vente immobili\u00e8re en Espagne<\/span><\/a><\/div><div class=\"lwrp-list-item\"><a href=\"https:\/\/delaguialuzon.com\/fr\/blog\/location-airbnb-a-valence\/\" class=\"lwrp-list-link\"><img width=\"480\" height=\"320\" src=\"https:\/\/delaguialuzon.com\/wp-content\/uploads\/2024\/03\/alquilar_airbnb_valencia-3-e1771256601462.jpg\" class=\"attachment-480x480 size-480x480 wp-post-image\" alt=\"airbnb \u00e0 valence\" \/><br><span class=\"lwrp-list-link-title-text\">La location d\u2019un appartement sur Airbnb \u00e0 Valence est-elle autoris\u00e9e par la loi ?\u00a0<\/span><\/a><\/div>                <\/div>\r\n                <\/div>\r\n<\/div>","protected":false},"excerpt":{"rendered":"<p>S\u2019installer, investir ou entreprendre en Espagne implique souvent des d\u00e9marches juridiques complexes.<br \/>\nLe cabinet Delagu\u00eda &#038; Luz\u00f3n, bas\u00e9 \u00e0 Valencia, met \u00e0 votre disposition une \u00e9quipe d\u2019avocats francophones exp\u00e9riment\u00e9s pour vous assister en droit immobilier, fiscal, commercial et du travail.<\/p>\n<p>\u2696\ufe0f Vous recherchez un avocat parlant fran\u00e7ais \u00e0 Valence pour d\u00e9fendre vos int\u00e9r\u00eats ?<br \/>\nContactez d\u00e8s aujourd\u2019hui notre cabinet pour un accompagnement personnalis\u00e9 et en toute transparence.<br \/>\n\ud83d\udcde +34 963 74 16 57 \u2022 \u2709\ufe0f felix.delaguia@delaguialuzon.com<\/p>\n","protected":false},"author":2,"featured_media":2147,"comment_status":"closed","ping_status":"open","sticky":false,"template":"","format":"standard","meta":{"_mbp_gutenberg_autopost":false,"_joinchat":[],"footnotes":""},"categories":[28],"tags":[],"class_list":["post-2030","post","type-post","status-publish","format-standard","has-post-thumbnail","hentry","category-droit-fiscal"],"_links":{"self":[{"href":"https:\/\/delaguialuzon.com\/fr\/wp-json\/wp\/v2\/posts\/2030","targetHints":{"allow":["GET"]}}],"collection":[{"href":"https:\/\/delaguialuzon.com\/fr\/wp-json\/wp\/v2\/posts"}],"about":[{"href":"https:\/\/delaguialuzon.com\/fr\/wp-json\/wp\/v2\/types\/post"}],"author":[{"embeddable":true,"href":"https:\/\/delaguialuzon.com\/fr\/wp-json\/wp\/v2\/users\/2"}],"replies":[{"embeddable":true,"href":"https:\/\/delaguialuzon.com\/fr\/wp-json\/wp\/v2\/comments?post=2030"}],"version-history":[{"count":40,"href":"https:\/\/delaguialuzon.com\/fr\/wp-json\/wp\/v2\/posts\/2030\/revisions"}],"predecessor-version":[{"id":22003,"href":"https:\/\/delaguialuzon.com\/fr\/wp-json\/wp\/v2\/posts\/2030\/revisions\/22003"}],"wp:featuredmedia":[{"embeddable":true,"href":"https:\/\/delaguialuzon.com\/fr\/wp-json\/wp\/v2\/media\/2147"}],"wp:attachment":[{"href":"https:\/\/delaguialuzon.com\/fr\/wp-json\/wp\/v2\/media?parent=2030"}],"wp:term":[{"taxonomy":"category","embeddable":true,"href":"https:\/\/delaguialuzon.com\/fr\/wp-json\/wp\/v2\/categories?post=2030"},{"taxonomy":"post_tag","embeddable":true,"href":"https:\/\/delaguialuzon.com\/fr\/wp-json\/wp\/v2\/tags?post=2030"}],"curies":[{"name":"wp","href":"https:\/\/api.w.org\/{rel}","templated":true}]}}