{"id":2362,"date":"2022-04-06T12:22:00","date_gmt":"2022-04-06T10:22:00","guid":{"rendered":"https:\/\/delaguialuzon.com\/?p=2362"},"modified":"2026-04-15T17:08:00","modified_gmt":"2026-04-15T15:08:00","slug":"sarl-francaise-sl-espagnole","status":"publish","type":"post","link":"https:\/\/delaguialuzon.com\/fr\/blog\/differences-entre-une-sarl-francaise-et-une-sl-espagnole\/","title":{"rendered":"Diff\u00e9rences entre une SARL fran\u00e7aise et une SL espagnole"},"content":{"rendered":"\t\t<div data-elementor-type=\"wp-post\" data-elementor-id=\"2362\" class=\"elementor elementor-2362\" data-elementor-post-type=\"post\">\n\t\t\t\t<div class=\"elementor-element elementor-element-35c45e4f e-flex e-con-boxed e-con e-parent\" data-id=\"35c45e4f\" data-element_type=\"container\" data-e-type=\"container\">\n\t\t\t\t\t<div class=\"e-con-inner\">\n\t\t\t\t<div class=\"elementor-element elementor-element-32978b82 elementor-widget elementor-widget-text-editor\" data-id=\"32978b82\" data-element_type=\"widget\" data-e-type=\"widget\" data-widget_type=\"text-editor.default\">\n\t\t\t\t<div class=\"elementor-widget-container\">\n\t\t\t\t\t\t\t\t\t<div style=\"background-color: #f7f5f2; border-left: 4px solid #1a1a2e; padding: 28px 32px; margin: 0 0 40px 0;\"><h2>Les points essentiels sur les diff\u00e9rences entre SARL fran\u00e7aise et SL espagnole<\/h2><ul style=\"margin: 0; padding-left: 20px; color: #333;\"><li>La SARL et la SL fonctionnent sur le m\u00eame principe : responsabilit\u00e9 limit\u00e9e aux apports, r\u00e9gime de l&rsquo;imp\u00f4t sur les soci\u00e9t\u00e9s, gouvernance encadr\u00e9e par les statuts<\/li><li>Diff\u00e9rence cl\u00e9 : la SARL ne requiert <strong>aucun capital minimum<\/strong>, la SL exige <strong>3 000 \u20ac<\/strong> \u2014 \u00e0 lib\u00e9rer int\u00e9gralement avant la constitution<\/li><li>La SL peut \u00eatre constitu\u00e9e par <strong>un seul associ\u00e9<\/strong> (SL unipersonnelle) ; la SARL requiert au minimum deux associ\u00e9s<\/li><li>En 2025, le taux de l&rsquo;IS est identique dans les deux pays : <strong>25 %<\/strong> \u2014 mais la SL offre un taux r\u00e9duit de <strong>15 %<\/strong> pendant les deux premiers exercices<\/li><li>La g\u00e9rance de la SL est plus flexible : elle peut \u00eatre pr\u00e9vue ou non dans les statuts, pour une dur\u00e9e d\u00e9termin\u00e9e ou non<\/li><li>Le choix entre les deux structures d\u00e9pend avant tout de votre march\u00e9 cible, de la localisation de vos \u00e9quipes et de votre strat\u00e9gie fiscale<\/li><\/ul><\/div><h2>Introduction<\/h2><p>Vous d\u00e9veloppez votre activit\u00e9 en Espagne et vous vous demandez si votre SARL fran\u00e7aise suffit \u2014 ou s&rsquo;il vaut mieux cr\u00e9er une structure locale. La question revient syst\u00e9matiquement d\u00e8s qu&rsquo;un entrepreneur francophone envisage une implantation s\u00e9rieuse de l&rsquo;autre c\u00f4t\u00e9 des Pyr\u00e9n\u00e9es.<\/p><p>La r\u00e9ponse d\u00e9pend moins de la forme juridique en elle-m\u00eame que de votre situation r\u00e9elle : o\u00f9 se trouvent vos clients, vos \u00e9quipes, vos flux ? Quelle est votre exposition fiscale ? Avez-vous besoin d&rsquo;un \u00e9tablissement stable en Espagne pour facturer localement ?<\/p><p>Tour d&rsquo;horizon des deux structures, leurs diff\u00e9rences concr\u00e8tes, et les crit\u00e8res qui font pencher la balance.<\/p><h2>La SARL fran\u00e7aise : rappel des fondamentaux<\/h2><h3>Caract\u00e9ristiques principales<\/h3><p>La Soci\u00e9t\u00e9 \u00e0 Responsabilit\u00e9 Limit\u00e9e (SARL) est une soci\u00e9t\u00e9 commerciale r\u00e9gie par le Code de commerce fran\u00e7ais. Elle est constitu\u00e9e d&rsquo;au minimum deux associ\u00e9s, dont la responsabilit\u00e9 est limit\u00e9e \u00e0 hauteur de leurs apports \u2014 qu&rsquo;ils soient en num\u00e9raire, en nature ou en industrie.<\/p><p>L&rsquo;un de ses atouts majeurs : <strong>aucun capital minimum n&rsquo;est exig\u00e9<\/strong>. Le montant est librement fix\u00e9 par les statuts, ce qui en fait une forme accessible aux petites structures. En contrepartie, les d\u00e9cisions collectives sont prises en assembl\u00e9e g\u00e9n\u00e9rale, et la d\u00e9signation d&rsquo;un g\u00e9rant est obligatoire.<\/p><p>Les parts sociales ne sont pas librement cessibles : leur cession est soumise \u00e0 l&rsquo;agr\u00e9ment de tout ou partie des associ\u00e9s, ce qui prot\u00e8ge la stabilit\u00e9 de l&rsquo;actionnariat mais peut freiner certaines op\u00e9rations de rachat ou d&rsquo;entr\u00e9e d&rsquo;investisseurs.<\/p><h3>Fiscalit\u00e9 de la SARL<\/h3><p>Par principe, la SARL est soumise \u00e0 l&rsquo;<strong>imp\u00f4t sur les soci\u00e9t\u00e9s (IS)<\/strong> au taux de <strong>25 %<\/strong>. Un taux r\u00e9duit de <strong>15 %<\/strong> s&rsquo;applique sur les premiers <strong>42 500 \u20ac<\/strong> de b\u00e9n\u00e9fices pour les PME r\u00e9pondant \u00e0 certains crit\u00e8res (CA inf\u00e9rieur \u00e0 10 millions d&rsquo;euros, capital d\u00e9tenu \u00e0 75 % minimum par des personnes physiques).<\/p><p>Une option \u00e0 l&rsquo;imp\u00f4t sur le revenu est possible pendant 5 ans maximum \u2014 sans limitation pour les SARL de famille. Dans ce cas, les associ\u00e9s sont directement impos\u00e9s sur leur quote-part de b\u00e9n\u00e9fices, \u00e0 titre personnel.<\/p><figure class=\"wp-block-pullquote\" style=\"border-left: 4px solid #007BB3; background: linear-gradient(135deg, #f0f7ff 0%, #e8f4fd 100%); padding: 20px 24px; margin: 32px 0; box-shadow: 0 2px 8px rgba(0,123,179,0.08);\"><blockquote><p>\u00ab La loi de finances fran\u00e7aise pour 2025 a instaur\u00e9 une majoration temporaire de l&rsquo;IS pour les grandes soci\u00e9t\u00e9s dont le chiffre d&rsquo;affaires d\u00e9passe 1 milliard d&rsquo;euros, portant leur taux effectif \u00e0 30,1 % \u2014 voire 35,3 % au-del\u00e0 de 3 milliards. Cette mesure est pr\u00e9sent\u00e9e comme exceptionnelle et devrait dispara\u00eetre en 2026. \u00bb<\/p><p><cite>\u2014 <a href=\"https:\/\/www.fipeco.fr\/fiche\/Limp%C3%B4t-sur-les-soci%C3%A9t%C3%A9s\" target=\"_blank\" rel=\"nofollow noopener\">FIPECO \u2014 L&rsquo;imp\u00f4t sur les soci\u00e9t\u00e9s en France, 2025<\/a><\/cite><\/p><\/blockquote><\/figure><h2>La SL espagnole : l&rsquo;\u00e9quivalent de la SARL en Espagne<\/h2><h3>Caract\u00e9ristiques principales<\/h3><p>La <em>Sociedad Limitada<\/em> (SL) est l&rsquo;homologue espagnole de la SARL. R\u00e9gie par la <em>Ley de Sociedades de Capital<\/em> (LSC), elle repose sur les m\u00eames principes fondamentaux : responsabilit\u00e9 limit\u00e9e aux apports, patrimoine soci\u00e9tal distinct du patrimoine personnel des associ\u00e9s.<\/p><p>Deux diff\u00e9rences structurelles la distinguent imm\u00e9diatement de la SARL fran\u00e7aise.<\/p><p>D&rsquo;abord, elle peut \u00eatre constitu\u00e9e par <strong>un seul associ\u00e9<\/strong> \u2014 la SL unipersonnelle est parfaitement reconnue en droit espagnol. C&rsquo;est un avantage significatif pour les entrepreneurs solo qui souhaitent cr\u00e9er une structure avec personnalit\u00e9 morale sans s&rsquo;associer.<\/p><p>Ensuite, un <strong>capital minimum de 3 000 \u20ac<\/strong> est exig\u00e9 (article 4 de la LSC), \u00e0 lib\u00e9rer int\u00e9gralement avant la constitution de la soci\u00e9t\u00e9. Seuls les apports en num\u00e9raire sont admis \u2014 contrairement \u00e0 la SARL fran\u00e7aise qui accepte les apports en nature ou en industrie. En revanche, la r\u00e9partition du capital entre associ\u00e9s est totalement libre.<\/p><p>S&rsquo;agissant de la g\u00e9rance, les statuts fixent librement son organisation : les associ\u00e9s peuvent nommer un g\u00e9rant ou non, pour une dur\u00e9e d\u00e9termin\u00e9e ou ind\u00e9termin\u00e9e. Cette flexibilit\u00e9 statutaire est l&rsquo;un des atouts reconnus de la SL pour les structures en croissance ou \u00e0 actionnariat \u00e9volutif.<\/p><h3>Fiscalit\u00e9 de la SL<\/h3><p>La SL est soumise \u00e0 l&rsquo;<em>Impuesto sobre Sociedades<\/em> au taux g\u00e9n\u00e9ral de <strong>25 %<\/strong> \u2014 identique au taux fran\u00e7ais standard. Mais elle b\u00e9n\u00e9ficie d&rsquo;un r\u00e9gime d&rsquo;entr\u00e9e particuli\u00e8rement attractif : <strong>15 % pendant les deux premiers exercices fiscaux<\/strong>, ce qui repr\u00e9sente une \u00e9conomie substantielle pour les structures en phase de lancement.<\/p><figure class=\"wp-block-pullquote\" style=\"border-left: 4px solid #007BB3; background: linear-gradient(135deg, #f0f7ff 0%, #e8f4fd 100%); padding: 20px 24px; margin: 32px 0; box-shadow: 0 2px 8px rgba(0,123,179,0.08);\"><blockquote><p>\u00ab En 2025, le taux g\u00e9n\u00e9ral de l&rsquo;imp\u00f4t sur les soci\u00e9t\u00e9s en Espagne reste fix\u00e9 \u00e0 25 %. Les nouvelles soci\u00e9t\u00e9s b\u00e9n\u00e9ficient d&rsquo;un taux r\u00e9duit de 15 % pendant leurs deux premiers exercices \u2014 un avantage fiscal direct pour les structures en d\u00e9marrage. \u00bb<\/p><p><cite>\u2014 <a href=\"https:\/\/espagnol-pas-a-pas.fr\/fiscalite-en-espagne\/\" target=\"_blank\" rel=\"nofollow noopener\">Espagnol pas \u00e0 pas \u2014 Fiscalit\u00e9 en Espagne 2025<\/a><\/cite><\/p><\/blockquote><\/figure><h2>Comparatif SARL vs SL : les diff\u00e9rences cl\u00e9s<\/h2><p>Le choix entre les deux structures influence directement la gouvernance, le traitement fiscal et les op\u00e9rations de cession. Voici les points qui reviennent le plus souvent lors d&rsquo;une <a href=\"https:\/\/delaguialuzon.com\/fr\/droit-commercial\/\">analyse de droit commercial<\/a> :<\/p><div style=\"overflow-x: auto; margin: 24px 0;\"><table style=\"width: 100%; border-collapse: collapse; font-size: 0.95rem;\"><thead><tr style=\"background-color: #1a1a2e; color: #fff;\"><th style=\"padding: 12px 16px; text-align: left;\">Crit\u00e8re<\/th><th style=\"padding: 12px 16px; text-align: left;\">SARL (France)<\/th><th style=\"padding: 12px 16px; text-align: left;\">SL (Espagne)<\/th><\/tr><\/thead><tbody><tr style=\"border-bottom: 1px solid #e0e0e0;\"><td style=\"padding: 12px 16px;\">Capital minimum<\/td><td style=\"padding: 12px 16px;\">Libre<\/td><td style=\"padding: 12px 16px;\">3 000 \u20ac (\u00e0 lib\u00e9rer int\u00e9gralement)<\/td><\/tr><tr style=\"background-color: #f7f5f2; border-bottom: 1px solid #e0e0e0;\"><td style=\"padding: 12px 16px;\">Nombre d&rsquo;associ\u00e9s<\/td><td style=\"padding: 12px 16px;\">\u2265 2<\/td><td style=\"padding: 12px 16px;\">1 possible (SL unipersonnelle)<\/td><\/tr><tr style=\"border-bottom: 1px solid #e0e0e0;\"><td style=\"padding: 12px 16px;\">Responsabilit\u00e9<\/td><td style=\"padding: 12px 16px;\">Limit\u00e9e aux apports<\/td><td style=\"padding: 12px 16px;\">Limit\u00e9e aux apports<\/td><\/tr><tr style=\"background-color: #f7f5f2; border-bottom: 1px solid #e0e0e0;\"><td style=\"padding: 12px 16px;\">Direction<\/td><td style=\"padding: 12px 16px;\">G\u00e9rant obligatoire<\/td><td style=\"padding: 12px 16px;\">G\u00e9rance statutaire flexible<\/td><\/tr><tr style=\"border-bottom: 1px solid #e0e0e0;\"><td style=\"padding: 12px 16px;\">Types d&rsquo;apports<\/td><td style=\"padding: 12px 16px;\">Num\u00e9raire, nature, industrie<\/td><td style=\"padding: 12px 16px;\">Num\u00e9raire uniquement<\/td><\/tr><tr style=\"background-color: #f7f5f2; border-bottom: 1px solid #e0e0e0;\"><td style=\"padding: 12px 16px;\">Cession de parts<\/td><td style=\"padding: 12px 16px;\">Encadr\u00e9e par agr\u00e9ment<\/td><td style=\"padding: 12px 16px;\">Organisable par statuts<\/td><\/tr><tr style=\"border-bottom: 1px solid #e0e0e0;\"><td style=\"padding: 12px 16px;\">IS standard<\/td><td style=\"padding: 12px 16px;\">25 % (15 % sous conditions)<\/td><td style=\"padding: 12px 16px;\"><a href=\"https:\/\/delaguialuzon.com\/fr\/blog\/impot-societes-espagne\/\">25 % (15 % les 2 premiers exercices)<\/a><\/td><\/tr><tr style=\"background-color: #f7f5f2;\"><td style=\"padding: 12px 16px;\">Loi applicable<\/td><td style=\"padding: 12px 16px;\">Code de commerce fran\u00e7ais<\/td><td style=\"padding: 12px 16px;\">Ley de Sociedades de Capital (LSC)<\/td><\/tr><\/tbody><\/table><\/div><h2>Parcours de cr\u00e9ation d&rsquo;une SL en Espagne<\/h2><p>Lancer une SL suit une s\u00e9quence pr\u00e9cise. La premi\u00e8re \u00e9tape consiste \u00e0 s\u00e9curiser l&rsquo;<strong>identification fiscale espagnole<\/strong> \u2014 le <a href=\"https:\/\/delaguialuzon.com\/fr\/blog\/differences-carte-verte-nie-et-tie\/\">NIE ou le NIF<\/a> selon votre situation \u2014 puis \u00e0 ouvrir un compte bancaire espagnol pour y d\u00e9poser les 3 000 \u20ac de capital.<\/p><p>Viennent ensuite la r\u00e9daction des statuts, la signature devant notaire, l&rsquo;immatriculation au <em>Registro Mercantil<\/em>, l&rsquo;inscription \u00e0 la TVA (<em>IVA<\/em>) aupr\u00e8s de l&rsquo;<em>Agencia Tributaria<\/em>, et le cas \u00e9ch\u00e9ant les premi\u00e8res d\u00e9marches sociales pour les embauches.<\/p><p>\u00c0 noter : l&rsquo;obtention du num\u00e9ro de TVA intracommunautaire espagnol est plus contraignante qu&rsquo;en France \u2014 elle implique de justifier d&rsquo;un centre de travail fixe et d&rsquo;au moins un salari\u00e9 en CDI de droit espagnol. Une r\u00e9alit\u00e9 \u00e0 anticiper dans votre calendrier d&rsquo;implantation.<\/p><h2>Gouvernance, obligations sociales et comptabilit\u00e9<\/h2><p>Les statuts de la SL d\u00e9terminent les pouvoirs de la g\u00e9rance, les conditions d&rsquo;agr\u00e9ment pour la cession de parts et la r\u00e9partition des droits de vote. Une r\u00e9daction soign\u00e9e d\u00e8s la cr\u00e9ation \u00e9vite de nombreux contentieux ult\u00e9rieurs.<\/p><p>La mise en conformit\u00e9 permanente exige un suivi en <a href=\"https:\/\/delaguialuzon.com\/fr\/gestion-sociale-des-entreprises\/\">gestion sociale des entreprises<\/a> et en <a href=\"https:\/\/delaguialuzon.com\/fr\/droit-fiscal-et-comptabilite\/\">comptabilit\u00e9 fiscale<\/a> \u2014 d\u00e9clarations mensuelles ou trimestrielles selon le r\u00e9gime, cl\u00f4tures annuelles, liasse fiscale. La SL a une obligation de d\u00e9p\u00f4t des comptes au <em>Registro Mercantil<\/em> chaque ann\u00e9e.<\/p><h2>SARL ou SL : comment choisir ?<\/h2><p>La SARL reste pertinente si votre march\u00e9, vos associ\u00e9s et vos flux op\u00e9rationnels demeurent majoritairement en France \u2014 et si vous n&rsquo;avez pas encore besoin d&rsquo;un \u00e9tablissement stable en Espagne pour facturer localement.<\/p><p>La SL s&rsquo;impose d\u00e8s lors que votre d\u00e9veloppement cible l&rsquo;Espagne, que vos \u00e9quipes sont locales, ou que vous souhaitez b\u00e9n\u00e9ficier d&rsquo;un IS r\u00e9duit \u00e0 15 % sur vos deux premiers exercices. Elle s&rsquo;int\u00e8gre aussi facilement dans un sch\u00e9ma de <a href=\"https:\/\/delaguialuzon.com\/fr\/blog\/constituer-societe-holding-en-espagne\/\">holding ou de structure ETVE<\/a> si votre activit\u00e9 le justifie.<\/p><p>Pour les entrepreneurs solos, la SL unipersonnelle offre une solution simple et reconnue \u2014 sans avoir \u00e0 s&rsquo;associer ni \u00e0 passer par le statut d&rsquo;<a href=\"https:\/\/delaguialuzon.com\/fr\/blog\/devenir-auto-entrepreneur-en-espagne\/\">autonomo<\/a>, dont la protection sociale et la structure sont fondamentalement diff\u00e9rentes.<\/p><hr class=\"wp-block-separator\" \/><div style=\"background-color: #f7f5f2; padding: 40px 36px; margin: 48px 0; border-left: 4px solid #1a1a2e;\"><h2 style=\"font-size: 1.3rem; font-weight: bold; color: #1a1a2e; margin-top: 0; margin-bottom: 16px;\">Vous h\u00e9sitez entre SARL et SL pour votre implantation en Espagne ?<\/h2><p style=\"margin-bottom: 16px;\">La structure juridique optimale d\u00e9pend de votre situation r\u00e9elle : localisation des flux, profil des associ\u00e9s, calendrier d&rsquo;implantation, exposition fiscale. Un choix fait trop vite g\u00e9n\u00e8re des restructurations co\u00fbteuses quelques mois plus tard.<\/p><p style=\"margin-bottom: 16px;\">L&rsquo;\u00e9quipe de <strong>Delagu\u00eda &amp; Luz\u00f3n Abogados<\/strong>, cabinet franco-espagnol \u00e0 Valence, compare votre situation, mod\u00e9lise les deux options fiscalement, puis pilote la <a style=\"color: #1a1a2e;\" href=\"https:\/\/delaguialuzon.com\/fr\/blog\/creer-une-entreprise-en-espagne\/\">cr\u00e9ation de votre SL en Espagne<\/a> \u2014 statuts, NIE, compte bancaire, TVA, premi\u00e8res paies \u2014 de A \u00e0 Z.<\/p><p style=\"margin-bottom: 16px;\">Avec plus de <strong>65 ans d&rsquo;exp\u00e9rience<\/strong> et une client\u00e8le compos\u00e9e \u00e0 <strong>90 % de clients internationaux<\/strong>, nous int\u00e9grons fiscalit\u00e9, gouvernance, paie et conformit\u00e9 pour acc\u00e9l\u00e9rer votre calendrier d&rsquo;implantation.<\/p><p style=\"margin-bottom: 24px;\">Contactez notre \u00e9quipe pour un diagnostic express et un plan d&rsquo;action chiffr\u00e9.<\/p><ul style=\"list-style: none; padding: 0; margin: 0 0 24px 0;\"><li style=\"margin-bottom: 8px;\"><img decoding=\"async\" class=\"emoji\" role=\"img\" draggable=\"false\" src=\"https:\/\/s.w.org\/images\/core\/emoji\/17.0.2\/svg\/1f4e7.svg\" alt=\"\ud83d\udce7\" \/> <a style=\"color: #1a1a2e; text-decoration: underline;\" href=\"mailto:felix.delaguia@delaguialuzon.com\">felix.delaguia@delaguialuzon.com<\/a><\/li><li style=\"margin-bottom: 8px;\"><img decoding=\"async\" class=\"emoji\" role=\"img\" draggable=\"false\" src=\"https:\/\/s.w.org\/images\/core\/emoji\/17.0.2\/svg\/1f4e7.svg\" alt=\"\ud83d\udce7\" \/> <a style=\"color: #1a1a2e; text-decoration: underline;\" href=\"mailto:sonia.gomezluzon@delaguialuzon.com\">sonia.gomezluzon@delaguialuzon.com<\/a><\/li><li><img decoding=\"async\" class=\"emoji\" role=\"img\" draggable=\"false\" src=\"https:\/\/s.w.org\/images\/core\/emoji\/17.0.2\/svg\/1f4de.svg\" alt=\"\ud83d\udcde\" \/> <a style=\"color: #1a1a2e; text-decoration: underline;\" href=\"tel:+34963741657\">+34 963 74 16 57<\/a><\/li><\/ul><p><a style=\"display: inline-block; background-color: #1a1a2e; color: #ffffff; padding: 14px 28px; text-decoration: none; font-weight: 600; font-size: 0.95rem; letter-spacing: 0.03em; margin-right: 12px;\" href=\"https:\/\/delaguialuzon.com\/fr\/droit-commercial\/\">Nos services en droit commercial \u2192<br \/><\/a><\/p><p><a style=\"display: inline-block; background-color: transparent; color: #1a1a2e; padding: 14px 28px; text-decoration: none; font-weight: 600; font-size: 0.95rem; letter-spacing: 0.03em; border: 2px solid #1a1a2e; margin-top: 12px;\" href=\"https:\/\/delaguialuzon.com\/fr\/contact\/\">Formulaire de contact \u2192<br \/><\/a><\/p><\/div><h2>FAQ \u2014 SARL fran\u00e7aise vs SL espagnole<\/h2><h3>Peut-on transformer une SARL fran\u00e7aise en SL espagnole ?<\/h3><p>Pas directement. Une transformation transfrontali\u00e8re de ce type n&rsquo;est pas possible juridiquement. La d\u00e9marche consiste \u00e0 cr\u00e9er une SL en Espagne (filiale ou structure ind\u00e9pendante) puis \u00e0 transf\u00e9rer progressivement l&rsquo;activit\u00e9. Dans certains cas, un apport partiel d&rsquo;actif ou une cession de fonds de commerce peut structurer cette transition. Notre \u00e9quipe sp\u00e9cialis\u00e9e en <a href=\"https:\/\/delaguialuzon.com\/fr\/droit-commercial\/\">droit commercial<\/a> peut \u00e9tablir le sch\u00e9ma le plus adapt\u00e9 \u00e0 votre situation.<\/p><h3>Une SL espagnole peut-elle facturer des clients en France ?<\/h3><p>Oui, sans restriction. Une SL immatricul\u00e9e en Espagne peut facturer dans toute l&rsquo;Union Europ\u00e9enne. Les r\u00e8gles de TVA intracommunautaire s&rsquo;appliquent : les prestations de services entre professionnels (B2B) sont soumises au m\u00e9canisme d&rsquo;autoliquidation dans le pays du client. Un num\u00e9ro de TVA intracommunautaire espagnol est n\u00e9cessaire \u2014 son obtention est plus exigeante qu&rsquo;en France et n\u00e9cessite de justifier d&rsquo;un \u00e9tablissement r\u00e9el.<\/p><h3>Quel est le d\u00e9lai r\u00e9el de cr\u00e9ation d&rsquo;une SL en Espagne ?<\/h3><p>Avec un dossier complet et un accompagnement professionnel, comptez entre <strong>3 et 6 semaines<\/strong> du premier rendez-vous notarial \u00e0 l&rsquo;immatriculation d\u00e9finitive. Le d\u00e9lai peut s&rsquo;allonger si l&rsquo;obtention du NIE, l&rsquo;ouverture de compte ou l&rsquo;inscription au registre prennent du retard. La planification en amont \u2014 notamment pour le NIE et le d\u00e9p\u00f4t du capital \u2014 est d\u00e9terminante pour tenir les d\u00e9lais.<\/p><h3>La SL est-elle adapt\u00e9e pour une holding internationale ?<\/h3><p>Oui, dans certaines configurations. La SL peut s&rsquo;int\u00e9grer dans un sch\u00e9ma de <a href=\"https:\/\/delaguialuzon.com\/fr\/blog\/constituer-societe-holding-en-espagne\/\">holding ETVE<\/a> (<em>Entidad de Tenencia de Valores Extranjeros<\/em>), un r\u00e9gime fiscal espagnol particuli\u00e8rement attractif pour les groupes d\u00e9tenant des participations dans des filiales \u00e9trang\u00e8res. Les dividendes et plus-values de cession peuvent y b\u00e9n\u00e9ficier d&rsquo;une exon\u00e9ration sous conditions. Une analyse au cas par cas avec notre \u00e9quipe en <a href=\"https:\/\/delaguialuzon.com\/fr\/droit-fiscal-et-comptabilite\/\">droit fiscal espagnol<\/a> est n\u00e9cessaire avant toute d\u00e9cision.<\/p><h3>Quelles sont les obligations comptables d&rsquo;une SL en Espagne ?<\/h3><p>La SL est soumise \u00e0 des obligations comptables strictes : tenue d&rsquo;une comptabilit\u00e9 conforme au Plan General Contable espagnol, d\u00e9clarations fiscales mensuelles ou trimestrielles selon le r\u00e9gime TVA, d\u00e9p\u00f4t des comptes annuels au <em>Registro Mercantil<\/em> dans les 7 mois suivant la cl\u00f4ture de l&rsquo;exercice. Le non-respect de ces d\u00e9lais entra\u00eene des sanctions et peut bloquer certaines d\u00e9marches administratives. Notre service de <a href=\"https:\/\/delaguialuzon.com\/fr\/gestion-sociale-des-entreprises\/\">gestion sociale des entreprises<\/a> assure ce suivi de mani\u00e8re continue.<\/p><h3>Un associ\u00e9 non-r\u00e9sident peut-il cr\u00e9er une SL en Espagne ?<\/h3><p>Oui. La r\u00e9sidence en Espagne n&rsquo;est pas une condition pour constituer une SL. Un ressortissant fran\u00e7ais, belge ou suisse r\u00e9sidant hors d&rsquo;Espagne peut \u00eatre associ\u00e9 et g\u00e9rant d&rsquo;une SL. Il devra cependant obtenir un <a href=\"https:\/\/delaguialuzon.com\/fr\/blog\/pourquoi-comment-obtenir-nie-espagne\/\">NIE<\/a> (num\u00e9ro d&rsquo;identification des \u00e9trangers) \u2014 d\u00e9marche pr\u00e9alable incontournable \u2014 et justifier d&rsquo;une adresse sociale pour la soci\u00e9t\u00e9 sur le territoire espagnol.<\/p>\t\t\t\t\t\t\t\t<\/div>\n\t\t\t\t<\/div>\n\t\t\t\t\t<\/div>\n\t\t\t\t<\/div>\n\t\t<div class=\"elementor-element elementor-element-c20c9f2 e-flex e-con-boxed e-con e-parent\" data-id=\"c20c9f2\" data-element_type=\"container\" data-e-type=\"container\">\n\t\t\t\t\t<div class=\"e-con-inner\">\n\t\t\t\t<div class=\"elementor-element elementor-element-11324e2 elementor-widget elementor-widget-n-accordion\" data-id=\"11324e2\" data-element_type=\"widget\" data-e-type=\"widget\" data-settings=\"{&quot;default_state&quot;:&quot;expanded&quot;,&quot;max_items_expended&quot;:&quot;one&quot;,&quot;n_accordion_animation_duration&quot;:{&quot;unit&quot;:&quot;ms&quot;,&quot;size&quot;:400,&quot;sizes&quot;:[]}}\" data-widget_type=\"nested-accordion.default\">\n\t\t\t\t<div class=\"elementor-widget-container\">\n\t\t\t\t\t\t\t<div class=\"e-n-accordion\" aria-label=\"Accordion. Open links with Enter or Space, close with Escape, and navigate with Arrow Keys\">\n\t\t\t\t\t\t<details id=\"e-n-accordion-item-1800\" class=\"e-n-accordion-item\" open>\n\t\t\t\t<summary class=\"e-n-accordion-item-title\" data-accordion-index=\"1\" tabindex=\"0\" aria-expanded=\"true\" aria-controls=\"e-n-accordion-item-1800\" >\n\t\t\t\t\t<span class='e-n-accordion-item-title-header'><div class=\"e-n-accordion-item-title-text\"> Quelles sont les principales diff\u00e9rences entre une SARL et une SL&nbsp;? <\/div><\/span>\n\t\t\t\t\t\t\t<span class='e-n-accordion-item-title-icon'>\n\t\t\t<span class='e-opened' ><svg aria-hidden=\"true\" class=\"e-font-icon-svg e-fas-minus\" viewBox=\"0 0 448 512\" xmlns=\"http:\/\/www.w3.org\/2000\/svg\"><path d=\"M416 208H32c-17.67 0-32 14.33-32 32v32c0 17.67 14.33 32 32 32h384c17.67 0 32-14.33 32-32v-32c0-17.67-14.33-32-32-32z\"><\/path><\/svg><\/span>\n\t\t\t<span class='e-closed'><svg aria-hidden=\"true\" class=\"e-font-icon-svg e-fas-plus\" viewBox=\"0 0 448 512\" xmlns=\"http:\/\/www.w3.org\/2000\/svg\"><path d=\"M416 208H272V64c0-17.67-14.33-32-32-32h-32c-17.67 0-32 14.33-32 32v144H32c-17.67 0-32 14.33-32 32v32c0 17.67 14.33 32 32 32h144v144c0 17.67 14.33 32 32 32h32c17.67 0 32-14.33 32-32V304h144c17.67 0 32-14.33 32-32v-32c0-17.67-14.33-32-32-32z\"><\/path><\/svg><\/span>\n\t\t<\/span>\n\n\t\t\t\t\t\t<\/summary>\n\t\t\t\t<div role=\"region\" aria-labelledby=\"e-n-accordion-item-1800\" class=\"elementor-element elementor-element-a07b82e e-con-full e-flex e-con e-child\" data-id=\"a07b82e\" data-element_type=\"container\" data-e-type=\"container\">\n\t\t<div role=\"region\" aria-labelledby=\"e-n-accordion-item-1800\" class=\"elementor-element elementor-element-ab887f3 e-flex e-con-boxed e-con e-child\" data-id=\"ab887f3\" data-element_type=\"container\" data-e-type=\"container\">\n\t\t\t\t\t<div class=\"e-con-inner\">\n\t\t\t\t<div class=\"elementor-element elementor-element-ee435bf elementor-widget__width-initial elementor-widget elementor-widget-text-editor\" data-id=\"ee435bf\" data-element_type=\"widget\" data-e-type=\"widget\" data-widget_type=\"text-editor.default\">\n\t\t\t\t<div class=\"elementor-widget-container\">\n\t\t\t\t\t\t\t\t\t<p>La SARL n\u2019impose pas de <strong>capital minimum requis<\/strong> et encadre la cession de parts par agr\u00e9ment. La SL exige 3 000 \u20ac de capital lib\u00e9r\u00e9 et offre une <strong>gestion statutaire flexible<\/strong><\/p>\t\t\t\t\t\t\t\t<\/div>\n\t\t\t\t<\/div>\n\t\t\t\t\t<\/div>\n\t\t\t\t<\/div>\n\t\t\t\t<\/div>\n\t\t\t\t\t<\/details>\n\t\t\t\t\t\t<details id=\"e-n-accordion-item-1801\" class=\"e-n-accordion-item\" >\n\t\t\t\t<summary class=\"e-n-accordion-item-title\" data-accordion-index=\"2\" tabindex=\"-1\" aria-expanded=\"false\" aria-controls=\"e-n-accordion-item-1801\" >\n\t\t\t\t\t<span class='e-n-accordion-item-title-header'><div class=\"e-n-accordion-item-title-text\"> Quel capital et combien d\u2019associ\u00e9s faut-il&nbsp;? <\/div><\/span>\n\t\t\t\t\t\t\t<span class='e-n-accordion-item-title-icon'>\n\t\t\t<span class='e-opened' ><svg aria-hidden=\"true\" class=\"e-font-icon-svg e-fas-minus\" viewBox=\"0 0 448 512\" xmlns=\"http:\/\/www.w3.org\/2000\/svg\"><path d=\"M416 208H32c-17.67 0-32 14.33-32 32v32c0 17.67 14.33 32 32 32h384c17.67 0 32-14.33 32-32v-32c0-17.67-14.33-32-32-32z\"><\/path><\/svg><\/span>\n\t\t\t<span class='e-closed'><svg aria-hidden=\"true\" class=\"e-font-icon-svg e-fas-plus\" viewBox=\"0 0 448 512\" xmlns=\"http:\/\/www.w3.org\/2000\/svg\"><path d=\"M416 208H272V64c0-17.67-14.33-32-32-32h-32c-17.67 0-32 14.33-32 32v144H32c-17.67 0-32 14.33-32 32v32c0 17.67 14.33 32 32 32h144v144c0 17.67 14.33 32 32 32h32c17.67 0 32-14.33 32-32V304h144c17.67 0 32-14.33 32-32v-32c0-17.67-14.33-32-32-32z\"><\/path><\/svg><\/span>\n\t\t<\/span>\n\n\t\t\t\t\t\t<\/summary>\n\t\t\t\t<div role=\"region\" aria-labelledby=\"e-n-accordion-item-1801\" class=\"elementor-element elementor-element-7939f25 e-con-full e-flex e-con e-child\" data-id=\"7939f25\" data-element_type=\"container\" data-e-type=\"container\">\n\t\t<div role=\"region\" aria-labelledby=\"e-n-accordion-item-1801\" class=\"elementor-element elementor-element-d27e49a e-flex e-con-boxed e-con e-child\" data-id=\"d27e49a\" data-element_type=\"container\" data-e-type=\"container\">\n\t\t\t\t\t<div class=\"e-con-inner\">\n\t\t\t\t<div class=\"elementor-element elementor-element-c77178d elementor-widget__width-initial elementor-widget elementor-widget-text-editor\" data-id=\"c77178d\" data-element_type=\"widget\" data-e-type=\"widget\" data-widget_type=\"text-editor.default\">\n\t\t\t\t<div class=\"elementor-widget-container\">\n\t\t\t\t\t\t\t\t\t<p>En SARL, le capital est libre et la soci\u00e9t\u00e9 se constitue g\u00e9n\u00e9ralement \u00e0 partir de deux associ\u00e9s. En SL, le capital minimum est de 3 000 \u20ac et la <strong>SL unipersonnelle<\/strong> est possible avec un seul associ\u00e9.<\/p>\t\t\t\t\t\t\t\t<\/div>\n\t\t\t\t<\/div>\n\t\t\t\t\t<\/div>\n\t\t\t\t<\/div>\n\t\t\t\t<\/div>\n\t\t\t\t\t<\/details>\n\t\t\t\t\t\t<details id=\"e-n-accordion-item-1802\" class=\"e-n-accordion-item\" >\n\t\t\t\t<summary class=\"e-n-accordion-item-title\" data-accordion-index=\"3\" tabindex=\"-1\" aria-expanded=\"false\" aria-controls=\"e-n-accordion-item-1802\" >\n\t\t\t\t\t<span class='e-n-accordion-item-title-header'><div class=\"e-n-accordion-item-title-text\"> Quelle fiscalit\u00e9 s\u2019applique et quels impacts pratiques&nbsp;? <\/div><\/span>\n\t\t\t\t\t\t\t<span class='e-n-accordion-item-title-icon'>\n\t\t\t<span class='e-opened' ><svg aria-hidden=\"true\" class=\"e-font-icon-svg e-fas-minus\" viewBox=\"0 0 448 512\" xmlns=\"http:\/\/www.w3.org\/2000\/svg\"><path d=\"M416 208H32c-17.67 0-32 14.33-32 32v32c0 17.67 14.33 32 32 32h384c17.67 0 32-14.33 32-32v-32c0-17.67-14.33-32-32-32z\"><\/path><\/svg><\/span>\n\t\t\t<span class='e-closed'><svg aria-hidden=\"true\" class=\"e-font-icon-svg e-fas-plus\" viewBox=\"0 0 448 512\" xmlns=\"http:\/\/www.w3.org\/2000\/svg\"><path d=\"M416 208H272V64c0-17.67-14.33-32-32-32h-32c-17.67 0-32 14.33-32 32v144H32c-17.67 0-32 14.33-32 32v32c0 17.67 14.33 32 32 32h144v144c0 17.67 14.33 32 32 32h32c17.67 0 32-14.33 32-32V304h144c17.67 0 32-14.33 32-32v-32c0-17.67-14.33-32-32-32z\"><\/path><\/svg><\/span>\n\t\t<\/span>\n\n\t\t\t\t\t\t<\/summary>\n\t\t\t\t<div role=\"region\" aria-labelledby=\"e-n-accordion-item-1802\" class=\"elementor-element elementor-element-3efbd3e e-con-full e-flex e-con e-child\" data-id=\"3efbd3e\" data-element_type=\"container\" data-e-type=\"container\">\n\t\t<div role=\"region\" aria-labelledby=\"e-n-accordion-item-1802\" class=\"elementor-element elementor-element-eb1a049 e-flex e-con-boxed e-con e-child\" data-id=\"eb1a049\" data-element_type=\"container\" data-e-type=\"container\">\n\t\t\t\t\t<div class=\"e-con-inner\">\n\t\t\t\t<div class=\"elementor-element elementor-element-c4e11c2 elementor-widget__width-initial elementor-widget elementor-widget-text-editor\" data-id=\"c4e11c2\" data-element_type=\"widget\" data-e-type=\"widget\" data-widget_type=\"text-editor.default\">\n\t\t\t\t<div class=\"elementor-widget-container\">\n\t\t\t\t\t\t\t\t\t<p>Les deux formes rel\u00e8vent de l\u2019<a href=\"https:\/\/delaguialuzon.com\/fr\/blog\/impot-societes-espagne\/\">imp\u00f4t sur les soci\u00e9t\u00e9s en Espagne<\/a> pour une SL, avec des r\u00e8gles sp\u00e9cifiques sur acomptes et d\u00e9clarations. Pour arbitrer r\u00e9mun\u00e9ration, dividendes et charges, faites-vous guider par nos <a href=\"https:\/\/delaguialuzon.com\/fr\/droit-fiscal-et-comptabilite\/\">experts en droit fiscal et comptabilit\u00e9<\/a>.<\/p>\t\t\t\t\t\t\t\t<\/div>\n\t\t\t\t<\/div>\n\t\t\t\t\t<\/div>\n\t\t\t\t<\/div>\n\t\t\t\t<\/div>\n\t\t\t\t\t<\/details>\n\t\t\t\t\t\t<details id=\"e-n-accordion-item-1803\" class=\"e-n-accordion-item\" >\n\t\t\t\t<summary class=\"e-n-accordion-item-title\" data-accordion-index=\"4\" tabindex=\"-1\" aria-expanded=\"false\" aria-controls=\"e-n-accordion-item-1803\" >\n\t\t\t\t\t<span class='e-n-accordion-item-title-header'><div class=\"e-n-accordion-item-title-text\"> Peut-on cr\u00e9er rapidement une SL en Espagne ? <\/div><\/span>\n\t\t\t\t\t\t\t<span class='e-n-accordion-item-title-icon'>\n\t\t\t<span class='e-opened' ><svg aria-hidden=\"true\" class=\"e-font-icon-svg e-fas-minus\" viewBox=\"0 0 448 512\" xmlns=\"http:\/\/www.w3.org\/2000\/svg\"><path d=\"M416 208H32c-17.67 0-32 14.33-32 32v32c0 17.67 14.33 32 32 32h384c17.67 0 32-14.33 32-32v-32c0-17.67-14.33-32-32-32z\"><\/path><\/svg><\/span>\n\t\t\t<span class='e-closed'><svg aria-hidden=\"true\" class=\"e-font-icon-svg e-fas-plus\" viewBox=\"0 0 448 512\" xmlns=\"http:\/\/www.w3.org\/2000\/svg\"><path d=\"M416 208H272V64c0-17.67-14.33-32-32-32h-32c-17.67 0-32 14.33-32 32v144H32c-17.67 0-32 14.33-32 32v32c0 17.67 14.33 32 32 32h144v144c0 17.67 14.33 32 32 32h32c17.67 0 32-14.33 32-32V304h144c17.67 0 32-14.33 32-32v-32c0-17.67-14.33-32-32-32z\"><\/path><\/svg><\/span>\n\t\t<\/span>\n\n\t\t\t\t\t\t<\/summary>\n\t\t\t\t<div role=\"region\" aria-labelledby=\"e-n-accordion-item-1803\" class=\"elementor-element elementor-element-7ca15dd e-con-full e-flex e-con e-child\" data-id=\"7ca15dd\" data-element_type=\"container\" data-e-type=\"container\">\n\t\t<div role=\"region\" aria-labelledby=\"e-n-accordion-item-1803\" class=\"elementor-element elementor-element-8d50478 e-flex e-con-boxed e-con e-child\" data-id=\"8d50478\" data-element_type=\"container\" data-e-type=\"container\">\n\t\t\t\t\t<div class=\"e-con-inner\">\n\t\t\t\t<div class=\"elementor-element elementor-element-ee275a3 elementor-widget__width-initial elementor-widget elementor-widget-text-editor\" data-id=\"ee275a3\" data-element_type=\"widget\" data-e-type=\"widget\" data-widget_type=\"text-editor.default\">\n\t\t\t\t<div class=\"elementor-widget-container\">\n\t\t\t\t\t\t\t\t\t<p>Oui, en suivant les \u00e9tapes d\u2019<a href=\"https:\/\/delaguialuzon.com\/fr\/blog\/creer-une-entreprise-en-espagne\/\">immatriculation d\u2019une soci\u00e9t\u00e9 en Espagne<\/a> : capital, statuts, banque, Registro Mercantil et TVA. L\u2019obtention du <a href=\"https:\/\/delaguialuzon.com\/fr\/blog\/differences-carte-verte-nie-et-tie\/\">NIE\/TIE<\/a> et la pr\u00e9paration des statuts acc\u00e9l\u00e8rent le calendrier.<\/p>\t\t\t\t\t\t\t\t<\/div>\n\t\t\t\t<\/div>\n\t\t\t\t\t<\/div>\n\t\t\t\t<\/div>\n\t\t\t\t<\/div>\n\t\t\t\t\t<\/details>\n\t\t\t\t\t\t<details id=\"e-n-accordion-item-1804\" class=\"e-n-accordion-item\" >\n\t\t\t\t<summary class=\"e-n-accordion-item-title\" data-accordion-index=\"5\" tabindex=\"-1\" aria-expanded=\"false\" aria-controls=\"e-n-accordion-item-1804\" >\n\t\t\t\t\t<span class='e-n-accordion-item-title-header'><div class=\"e-n-accordion-item-title-text\"> Quand privil\u00e9gier la SARL ou la SL pour un projet international&nbsp;? <\/div><\/span>\n\t\t\t\t\t\t\t<span class='e-n-accordion-item-title-icon'>\n\t\t\t<span class='e-opened' ><svg aria-hidden=\"true\" class=\"e-font-icon-svg e-fas-minus\" viewBox=\"0 0 448 512\" xmlns=\"http:\/\/www.w3.org\/2000\/svg\"><path d=\"M416 208H32c-17.67 0-32 14.33-32 32v32c0 17.67 14.33 32 32 32h384c17.67 0 32-14.33 32-32v-32c0-17.67-14.33-32-32-32z\"><\/path><\/svg><\/span>\n\t\t\t<span class='e-closed'><svg aria-hidden=\"true\" class=\"e-font-icon-svg e-fas-plus\" viewBox=\"0 0 448 512\" xmlns=\"http:\/\/www.w3.org\/2000\/svg\"><path d=\"M416 208H272V64c0-17.67-14.33-32-32-32h-32c-17.67 0-32 14.33-32 32v144H32c-17.67 0-32 14.33-32 32v32c0 17.67 14.33 32 32 32h144v144c0 17.67 14.33 32 32 32h32c17.67 0 32-14.33 32-32V304h144c17.67 0 32-14.33 32-32v-32c0-17.67-14.33-32-32-32z\"><\/path><\/svg><\/span>\n\t\t<\/span>\n\n\t\t\t\t\t\t<\/summary>\n\t\t\t\t<div role=\"region\" aria-labelledby=\"e-n-accordion-item-1804\" class=\"elementor-element elementor-element-8c46a55 e-con-full e-flex e-con e-child\" data-id=\"8c46a55\" data-element_type=\"container\" data-e-type=\"container\">\n\t\t<div role=\"region\" aria-labelledby=\"e-n-accordion-item-1804\" class=\"elementor-element elementor-element-138986f e-flex e-con-boxed e-con e-child\" data-id=\"138986f\" data-element_type=\"container\" data-e-type=\"container\">\n\t\t\t\t\t<div class=\"e-con-inner\">\n\t\t\t\t<div class=\"elementor-element elementor-element-2a044aa elementor-widget__width-initial elementor-widget elementor-widget-text-editor\" data-id=\"2a044aa\" data-element_type=\"widget\" data-e-type=\"widget\" data-widget_type=\"text-editor.default\">\n\t\t\t\t<div class=\"elementor-widget-container\">\n\t\t\t\t\t\t\t\t\t<p>Choisissez la SARL si vos op\u00e9rations et \u00e9quipes restent principalement en France. Optez pour la SL pour une implantation espagnole, avec possibilit\u00e9 d\u2019int\u00e9gration dans une <a href=\"https:\/\/delaguialuzon.com\/fr\/blog\/constituer-societe-holding-en-espagne\/\">holding ETVE<\/a> et accompagnement en <a href=\"https:\/\/delaguialuzon.com\/fr\/droit-commercial\/\">droit commercial<\/a> ; pour un avis personnalis\u00e9, <a href=\"https:\/\/delaguialuzon.com\/fr\/contact\/\">contactez-nous<\/a>.<\/p>\t\t\t\t\t\t\t\t<\/div>\n\t\t\t\t<\/div>\n\t\t\t\t\t<\/div>\n\t\t\t\t<\/div>\n\t\t\t\t<\/div>\n\t\t\t\t\t<\/details>\n\t\t\t\t\t<\/div>\n\t\t\t\t\t\t<\/div>\n\t\t\t\t<\/div>\n\t\t\t\t\t<\/div>\n\t\t\t\t<\/div>\n\t\t<div class=\"elementor-element elementor-element-760b370 e-flex e-con-boxed e-con e-parent\" data-id=\"760b370\" data-element_type=\"container\" data-e-type=\"container\">\n\t\t\t\t\t<div class=\"e-con-inner\">\n\t\t\t\t\t<\/div>\n\t\t\t\t<\/div>\n\t\t\t\t<\/div>\n\t\t<style>\r\n.lwrp.link-whisper-related-posts{\r\n            \r\n            margin-top: 40px;\nmargin-bottom: 30px;\r\n        }\r\n        .lwrp .lwrp-title{\r\n            \r\n            \r\n        }.lwrp .lwrp-description{\r\n            \r\n            \r\n\r\n        }\r\n        .lwrp .lwrp-list-container{\r\n        }\r\n        .lwrp .lwrp-list-multi-container{\r\n            display: flex;\r\n        }\r\n        .lwrp .lwrp-list-double{\r\n            width: 48%;\r\n        }\r\n        .lwrp .lwrp-list-triple{\r\n            width: 32%;\r\n        }\r\n        .lwrp .lwrp-list-row-container{\r\n            display: flex;\r\n            justify-content: space-between;\r\n        }\r\n        .lwrp .lwrp-list-row-container .lwrp-list-item{\r\n            width: calc(16% - 20px);\r\n        }\r\n        .lwrp .lwrp-list-item:not(.lwrp-no-posts-message-item){\r\n            \r\n            max-width: 150px;list-style: none;\r\n        }\r\n        .lwrp .lwrp-list-item img{\r\n            max-width: 100%;\r\n            height: auto;\r\n            object-fit: cover;\r\n            aspect-ratio: 1 \/ 1;\r\n        }\r\n        .lwrp .lwrp-list-item.lwrp-empty-list-item{\r\n            background: initial !important;\r\n        }\r\n        .lwrp .lwrp-list-item .lwrp-list-link .lwrp-list-link-title-text,\r\n        .lwrp .lwrp-list-item .lwrp-list-no-posts-message{\r\n            \r\n            \r\n            \r\n            font-style: normal;\r\n        }@media screen and (max-width: 480px) {\r\n            .lwrp.link-whisper-related-posts{\r\n                \r\n                \r\n            }\r\n            .lwrp .lwrp-title{\r\n                \r\n                \r\n            }.lwrp .lwrp-description{\r\n                \r\n                \r\n            }\r\n            .lwrp .lwrp-list-multi-container{\r\n                flex-direction: column;\r\n            }\r\n            .lwrp .lwrp-list-multi-container ul.lwrp-list{\r\n                margin-top: 0px;\r\n                margin-bottom: 0px;\r\n                padding-top: 0px;\r\n                padding-bottom: 0px;\r\n            }\r\n            .lwrp .lwrp-list-double,\r\n            .lwrp .lwrp-list-triple{\r\n                width: 100%;\r\n            }\r\n            .lwrp .lwrp-list-row-container{\r\n                justify-content: initial;\r\n                flex-direction: column;\r\n            }\r\n            .lwrp .lwrp-list-row-container .lwrp-list-item{\r\n                width: 100%;\r\n            }\r\n            .lwrp .lwrp-list-item:not(.lwrp-no-posts-message-item){\r\n                \r\n                max-width: initial;\r\n            }\r\n            .lwrp .lwrp-list-item .lwrp-list-link .lwrp-list-link-title-text,\r\n            .lwrp .lwrp-list-item .lwrp-list-no-posts-message{\r\n                \r\n                \r\n                \r\n                \r\n            };\r\n        }<\/style>\r\n<div id=\"link-whisper-related-posts-widget\" class=\"link-whisper-related-posts lwrp\">\r\n    \r\n        <div class=\"lwrp-list-container\">\r\n                                <div class=\"lwrp-list lwrp-list-row-container lwrp-list-single-row\">\r\n                <div class=\"lwrp-list-item\"><a href=\"https:\/\/delaguialuzon.com\/fr\/blog\/controle-fiscal-en-espagne\/\" class=\"lwrp-list-link\"><img width=\"480\" height=\"320\" src=\"https:\/\/delaguialuzon.com\/wp-content\/uploads\/2024\/04\/controle-fiscal-en-espagne.jpg\" class=\"attachment-480x480 size-480x480 wp-post-image\" alt=\"controle fiscal en espagne\" srcset=\"https:\/\/delaguialuzon.com\/wp-content\/uploads\/2024\/04\/controle-fiscal-en-espagne.jpg 950w, https:\/\/delaguialuzon.com\/wp-content\/uploads\/2024\/04\/controle-fiscal-en-espagne-300x200.jpg 300w, https:\/\/delaguialuzon.com\/wp-content\/uploads\/2024\/04\/controle-fiscal-en-espagne-768x512.jpg 768w\" sizes=\"(max-width: 480px) 100vw, 480px\" \/><br><span class=\"lwrp-list-link-title-text\">Comment \u00e9viter un contr\u00f4le fiscal en Espagne ?<\/span><\/a><\/div><div class=\"lwrp-list-item\"><a href=\"https:\/\/delaguialuzon.com\/fr\/blog\/investir-immobilier-espagne\/\" class=\"lwrp-list-link\"><img width=\"480\" height=\"320\" src=\"https:\/\/delaguialuzon.com\/wp-content\/uploads\/2021\/10\/Investir_Immobilier_Espagne.jpg\" class=\"attachment-480x480 size-480x480 wp-post-image\" alt=\"Investir dans l&#039;Immobilier en Espagne\" srcset=\"https:\/\/delaguialuzon.com\/wp-content\/uploads\/2021\/10\/Investir_Immobilier_Espagne.jpg 950w, https:\/\/delaguialuzon.com\/wp-content\/uploads\/2021\/10\/Investir_Immobilier_Espagne-300x200.jpg 300w, https:\/\/delaguialuzon.com\/wp-content\/uploads\/2021\/10\/Investir_Immobilier_Espagne-768x513.jpg 768w\" sizes=\"(max-width: 480px) 100vw, 480px\" \/><br><span class=\"lwrp-list-link-title-text\">Tout ce qu\u2019il faut savoir avant d\u2019investir dans l\u2019immobilier en Espagne<\/span><\/a><\/div><div class=\"lwrp-list-item\"><a href=\"https:\/\/delaguialuzon.com\/fr\/blog\/louer-a-valence\/\" class=\"lwrp-list-link\"><img width=\"480\" height=\"321\" src=\"https:\/\/delaguialuzon.com\/wp-content\/uploads\/2024\/03\/requisitos_alquilar_en_valencia-e1771246577283.jpg\" class=\"attachment-480x480 size-480x480 wp-post-image\" alt=\"louer \u00e0 Valence\" \/><br><span class=\"lwrp-list-link-title-text\">Les aspects juridiques li\u00e9s \u00e0 la location \u00e0 Valence<\/span><\/a><\/div><div class=\"lwrp-list-item\"><a href=\"https:\/\/delaguialuzon.com\/fr\/blog\/entretien-gonzalo-gomez-luzon\/\" class=\"lwrp-list-link\"><img width=\"360\" height=\"239\" src=\"https:\/\/delaguialuzon.com\/wp-content\/uploads\/2025\/02\/gonzalo.png\" class=\"attachment-480x480 size-480x480 wp-post-image\" alt=\"Gonzalo G\u00f3mez Luz\u00f3n\" srcset=\"https:\/\/delaguialuzon.com\/wp-content\/uploads\/2025\/02\/gonzalo.png 360w, https:\/\/delaguialuzon.com\/wp-content\/uploads\/2025\/02\/gonzalo-300x199.png 300w\" sizes=\"(max-width: 360px) 100vw, 360px\" \/><br><span class=\"lwrp-list-link-title-text\">Entretien avec Gonzalo G\u00f3mez Luz\u00f3n \u00e0 l&#8217;occasion du 65e anniversaire de Delagu\u00eda &#038; Luz\u00f3n<\/span><\/a><\/div><div class=\"lwrp-list-item\"><a href=\"https:\/\/delaguialuzon.com\/fr\/blog\/suppression-golden-visas-espagne\/\" class=\"lwrp-list-link\"><img width=\"480\" height=\"320\" src=\"https:\/\/delaguialuzon.com\/wp-content\/uploads\/2024\/04\/golden_visas.jpg\" class=\"attachment-480x480 size-480x480 wp-post-image\" alt=\"La suppression \u00e9ventuelle des Golden visas en Espagne\" srcset=\"https:\/\/delaguialuzon.com\/wp-content\/uploads\/2024\/04\/golden_visas.jpg 950w, https:\/\/delaguialuzon.com\/wp-content\/uploads\/2024\/04\/golden_visas-300x200.jpg 300w, https:\/\/delaguialuzon.com\/wp-content\/uploads\/2024\/04\/golden_visas-768x513.jpg 768w\" sizes=\"(max-width: 480px) 100vw, 480px\" \/><br><span class=\"lwrp-list-link-title-text\">La suppression \u00e9ventuelle des Golden visas en Espagne : cons\u00e9quences l\u00e9gales<\/span><\/a><\/div><div class=\"lwrp-list-item\"><a href=\"https:\/\/delaguialuzon.com\/fr\/blog\/nouvelles-revisions-aux-indemnites-kilometriques\/\" class=\"lwrp-list-link\"><img width=\"480\" height=\"320\" src=\"https:\/\/delaguialuzon.com\/wp-content\/uploads\/2024\/04\/Nouvelles_revisions_aux_indemnites_kilometriques.jpg\" class=\"attachment-480x480 size-480x480 wp-post-image\" alt=\"Nouvelles r\u00e9visions aux indemnit\u00e9s kilom\u00e9triques\" srcset=\"https:\/\/delaguialuzon.com\/wp-content\/uploads\/2024\/04\/Nouvelles_revisions_aux_indemnites_kilometriques.jpg 950w, https:\/\/delaguialuzon.com\/wp-content\/uploads\/2024\/04\/Nouvelles_revisions_aux_indemnites_kilometriques-300x200.jpg 300w, https:\/\/delaguialuzon.com\/wp-content\/uploads\/2024\/04\/Nouvelles_revisions_aux_indemnites_kilometriques-768x513.jpg 768w\" sizes=\"(max-width: 480px) 100vw, 480px\" \/><br><span class=\"lwrp-list-link-title-text\">Nouvelles r\u00e9visions aux indemnit\u00e9s kilom\u00e9triques<\/span><\/a><\/div>                <\/div>\r\n                <\/div>\r\n<\/div>","protected":false},"excerpt":{"rendered":"<p>D\u00e9couvrez les distinctions entre une SARL en France et une SL en Espagne. Comprenez les implications fiscales, juridiques et de responsabilit\u00e9 pour choisir la structure la mieux adapt\u00e9e \u00e0 vos besoins commerciaux.<\/p>\n","protected":false},"author":2,"featured_media":2368,"comment_status":"closed","ping_status":"open","sticky":false,"template":"","format":"standard","meta":{"_mbp_gutenberg_autopost":false,"_joinchat":[],"footnotes":""},"categories":[69],"tags":[],"class_list":["post-2362","post","type-post","status-publish","format-standard","has-post-thumbnail","hentry","category-creer-une-entreprise"],"_links":{"self":[{"href":"https:\/\/delaguialuzon.com\/fr\/wp-json\/wp\/v2\/posts\/2362","targetHints":{"allow":["GET"]}}],"collection":[{"href":"https:\/\/delaguialuzon.com\/fr\/wp-json\/wp\/v2\/posts"}],"about":[{"href":"https:\/\/delaguialuzon.com\/fr\/wp-json\/wp\/v2\/types\/post"}],"author":[{"embeddable":true,"href":"https:\/\/delaguialuzon.com\/fr\/wp-json\/wp\/v2\/users\/2"}],"replies":[{"embeddable":true,"href":"https:\/\/delaguialuzon.com\/fr\/wp-json\/wp\/v2\/comments?post=2362"}],"version-history":[{"count":48,"href":"https:\/\/delaguialuzon.com\/fr\/wp-json\/wp\/v2\/posts\/2362\/revisions"}],"predecessor-version":[{"id":23548,"href":"https:\/\/delaguialuzon.com\/fr\/wp-json\/wp\/v2\/posts\/2362\/revisions\/23548"}],"wp:featuredmedia":[{"embeddable":true,"href":"https:\/\/delaguialuzon.com\/fr\/wp-json\/wp\/v2\/media\/2368"}],"wp:attachment":[{"href":"https:\/\/delaguialuzon.com\/fr\/wp-json\/wp\/v2\/media?parent=2362"}],"wp:term":[{"taxonomy":"category","embeddable":true,"href":"https:\/\/delaguialuzon.com\/fr\/wp-json\/wp\/v2\/categories?post=2362"},{"taxonomy":"post_tag","embeddable":true,"href":"https:\/\/delaguialuzon.com\/fr\/wp-json\/wp\/v2\/tags?post=2362"}],"curies":[{"name":"wp","href":"https:\/\/api.w.org\/{rel}","templated":true}]}}