{"id":2573,"date":"2026-01-26T16:16:00","date_gmt":"2026-01-26T15:16:00","guid":{"rendered":"https:\/\/delaguialuzon.com\/?p=2573"},"modified":"2026-04-23T16:24:08","modified_gmt":"2026-04-23T14:24:08","slug":"declarer-les-impots-en-espagne","status":"publish","type":"post","link":"https:\/\/delaguialuzon.com\/fr\/blog\/declarer-impots-espagne\/","title":{"rendered":"Expatri\u00e9s fran\u00e7ais : comment bien d\u00e9clarer les imp\u00f4ts en Espagne"},"content":{"rendered":"\t\t<div data-elementor-type=\"wp-post\" data-elementor-id=\"2573\" class=\"elementor elementor-2573\" data-elementor-post-type=\"post\">\n\t\t\t\t<div class=\"elementor-element elementor-element-1e27da65 e-flex e-con-boxed e-con e-parent\" data-id=\"1e27da65\" data-element_type=\"container\" data-e-type=\"container\">\n\t\t\t\t\t<div class=\"e-con-inner\">\n\t\t\t\t<div class=\"elementor-element elementor-element-6a100dfe elementor-widget elementor-widget-text-editor\" data-id=\"6a100dfe\" data-element_type=\"widget\" data-e-type=\"widget\" data-widget_type=\"text-editor.default\">\n\t\t\t\t<div class=\"elementor-widget-container\">\n\t\t\t\t\t\t\t\t\t<div class=\"info-box\" style=\"background-color: #f5f5f5; padding: 20px; border-radius: 4px; border: 1px solid #ddd; margin: 20px 0;\">\n<h3>Les points cl\u00e9s<\/h3>\n<ul>\n<li><strong>R\u00e9sidence fiscale d\u00e9terminante<\/strong> : vous devez d\u00e9clarer vos revenus en Espagne si vous y r\u00e9sidez plus de 183 jours par an ou si votre centre d&rsquo;int\u00e9r\u00eats \u00e9conomiques s&rsquo;y situe.<\/li>\n<li><strong>D\u00e9claration annuelle obligatoire<\/strong> : l&rsquo;imp\u00f4t sur le revenu, via l&rsquo;IRPF, doit \u00eatre pr\u00e9sent\u00e9 dans les d\u00e9lais fix\u00e9s chaque ann\u00e9e par l&rsquo;Agencia Tributaria, sous peine de p\u00e9nalit\u00e9s.<\/li>\n<li><strong>Revenus mondiaux \u00e0 d\u00e9clarer<\/strong> : les r\u00e9sidents fiscaux en Espagne doivent d\u00e9clarer l&rsquo;ensemble de leurs revenus, y compris ceux per\u00e7us \u00e0 l&rsquo;\u00e9tranger, sous r\u00e9serve des conventions contre la double imposition.<\/li>\n<li><strong>Sanctions en cas d&rsquo;erreur ou d&rsquo;omission<\/strong> : une d\u00e9claration incompl\u00e8te ou tardive peut entra\u00eener majorations, int\u00e9r\u00eats de retard et contr\u00f4les fiscaux.<\/li>\n<\/ul>\n<\/div>\n<h2>D\u00e9claration d&rsquo;imp\u00f4ts en Espagne : r\u00e8gles essentielles pour les expatri\u00e9s fran\u00e7ais<\/h2>\n<p>Vous r\u00e9sidez en Espagne, vous poss\u00e9dez votre <a href=\"https:\/\/delaguialuzon.com\/fr\/blog\/differences-carte-verte-nie-et-tie\/\">Num\u00e9ro d&rsquo;Identit\u00e9 pour \u00c9tranger, le NIE<\/a>, mais savez-vous exactement o\u00f9 et comment <strong>d\u00e9clarer les imp\u00f4ts en Espagne, connu sous l&rsquo;acronyme IRPF<\/strong> (<em>Impuesto sobre la Renta de las Personas F\u00edsicas<\/em>) ?<\/p>\n<h2>Le pays de r\u00e9sidence fiscale<\/h2>\n<p>La <strong>r\u00e9sidence fiscale<\/strong> d&rsquo;un individu est d\u00e9termin\u00e9e par le <strong>droit interne et conventionnel<\/strong>, sur la base de plusieurs crit\u00e8res.<\/p>\n<h3>R\u00e9sidence fiscale en Espagne<\/h3>\n<p>En Espagne, la r\u00e9glementation en vigueur est cit\u00e9e par l&rsquo;<strong>article 9.1 de la loi relative \u00e0 l&rsquo;<\/strong><a href=\"https:\/\/delaguialuzon.com\/fr\/blog\/assujetti-irpf-espagne\/\">Imp\u00f4t sur le Revenu des Personnes Physiques<\/a> (IRPP).<\/p>\n<p>Celui-ci d\u00e9termine les conditions selon lesquelles une personne est consid\u00e9r\u00e9e comme ayant sa <a href=\"https:\/\/delaguialuzon.com\/fr\/blog\/impot-societes-espagne\/\">r\u00e9sidence fiscale en Espagne<\/a>.<\/p>\n<p>Ces conditions sont :<\/p>\n<ul>\n<li>Un s\u00e9jour d&rsquo;une dur\u00e9e minimale <strong>sup\u00e9rieure \u00e0 183 jours<\/strong> au cours de l&rsquo;ann\u00e9e civile ;<\/li>\n<li>L&rsquo;\u00e9tablissement de ses <strong>activit\u00e9s ou int\u00e9r\u00eats \u00e9conomiques<\/strong>.<\/li>\n<\/ul>\n<h3>R\u00e9sidence fiscale en France<\/h3>\n<p>Dans le droit fran\u00e7ais, l&rsquo;<strong>article 4B du Code g\u00e9n\u00e9ral des imp\u00f4ts<\/strong> (CGI) consid\u00e8re qu&rsquo;une personne a son domicile fiscal en France lorsqu&rsquo;elle remplit au moins l&rsquo;un des crit\u00e8res suivants :<\/p>\n<ul>\n<li><strong>La personne y a \u00e9tabli son foyer<\/strong> ou y s\u00e9journe de fa\u00e7on pr\u00e9pond\u00e9rante au cours de l&rsquo;ann\u00e9e civile ;<\/li>\n<li>Elle y exerce une <strong>activit\u00e9 professionnelle<\/strong>, salari\u00e9e ou ind\u00e9pendante, sauf si cette activit\u00e9 pr\u00e9sente un caract\u00e8re purement accessoire par rapport \u00e0 une activit\u00e9 principale exerc\u00e9e \u00e0 l&rsquo;\u00e9tranger ;<\/li>\n<li>Le centre de ses <strong>int\u00e9r\u00eats \u00e9conomiques<\/strong> se trouve en France, c&rsquo;est-\u00e0-dire le lieu o\u00f9 elle r\u00e9alise l&rsquo;essentiel de ses investissements, per\u00e7oit ses principaux revenus ou g\u00e8re ses affaires ;<\/li>\n<li>Elle d\u00e9tient le <strong>statut d&rsquo;agent de la fonction publique fran\u00e7aise<\/strong> en poste \u00e0 l&rsquo;\u00e9tranger, \u00e0 condition de ne pas \u00eatre soumise, dans le pays d&rsquo;affectation, \u00e0 un imp\u00f4t personnel portant sur l&rsquo;ensemble de ses revenus.<\/li>\n<\/ul>\n<h3>Double r\u00e9sidence fiscale<\/h3>\n<p>L&rsquo;<strong>article 4 de la convention fiscale franco-espagnole<\/strong> permet de r\u00e9soudre les conflits de double r\u00e9sidence, en \u00e9tablissant le pays de r\u00e9sidence fiscale principale selon les crit\u00e8res suivants :<\/p>\n<ul>\n<li>Lieu o\u00f9 se trouve le foyer d&rsquo;habitation permanent ;<\/li>\n<li>\u00c9tat avec lequel les liens personnels et \u00e9conomiques sont les plus \u00e9troits ;<\/li>\n<li>\u00c9tat o\u00f9 la personne s\u00e9journe de fa\u00e7on habituelle ;<\/li>\n<li>\u00c9tat dont elle poss\u00e8de la nationalit\u00e9.<\/li>\n<\/ul>\n<p>Une fois la r\u00e9sidence fiscale d\u00e9termin\u00e9e, il est alors opportun de se pencher sur comment et o\u00f9 d\u00e9clarer ses revenus fiscaux.<\/p>\n<p><img fetchpriority=\"high\" decoding=\"async\" class=\"aligncenter wp-image-22204 size-large\" src=\"https:\/\/delaguialuzon.com\/wp-content\/uploads\/2026\/03\/Le-pays-de-residence-fiscale-visual-selection-1024x547.png\" alt=\"D\u00e9terminer sa r\u00e9sidence fiscale\" width=\"800\" height=\"427\" srcset=\"https:\/\/delaguialuzon.com\/wp-content\/uploads\/2026\/03\/Le-pays-de-residence-fiscale-visual-selection-1024x547.png 1024w, https:\/\/delaguialuzon.com\/wp-content\/uploads\/2026\/03\/Le-pays-de-residence-fiscale-visual-selection-300x160.png 300w, https:\/\/delaguialuzon.com\/wp-content\/uploads\/2026\/03\/Le-pays-de-residence-fiscale-visual-selection-768x410.png 768w, https:\/\/delaguialuzon.com\/wp-content\/uploads\/2026\/03\/Le-pays-de-residence-fiscale-visual-selection.png 1044w\" sizes=\"(max-width: 800px) 100vw, 800px\" \/><\/p>\n<h2>Les revenus fiscaux de r\u00e9f\u00e9rence<\/h2>\n<p>Les personnes dont la <strong>r\u00e9sidence fiscale<\/strong> est \u00e9tablie en <strong>Espagne<\/strong> sont soumises \u00e0 une <strong>obligation fiscale illimit\u00e9e<\/strong>, c&rsquo;est-\u00e0-dire portant sur l&rsquo;ensemble de leurs revenus (indiff\u00e9remment de leur origine).<\/p>\n<p>Les revenus imposables sont \u00e0 <strong>d\u00e9clarer annuellement<\/strong>.<\/p>\n<p>D\u00e9clarer les <a href=\"https:\/\/delaguialuzon.com\/fr\/blog\/differents-types-impots-espagne\/\">imp\u00f4ts en Espagne<\/a> est demand\u00e9 \u00e0 toute personne ayant sa r\u00e9sidence fiscale sur le sol espagnol ainsi qu&rsquo;aux personnes r\u00e9sidant hors de l&rsquo;Espagne, qui sont n\u00e9anmoins rattach\u00e9es \u00e0 des statuts professionnels d\u00e9rogatoires (agents de la fonction publique espagnole en activit\u00e9 \u00e0 l&rsquo;\u00e9tranger, diplomate, \u2026).<\/p>\n<figure class=\"wp-block-table\">\n<table>\n<tbody>\n<tr>\n<td colspan=\"2\"><strong>Tableau d&rsquo;imposition des revenus en Espagne<\/strong><\/td>\n<\/tr>\n<tr>\n<td><strong>Tranches de revenus nets imposables<\/strong><\/td>\n<td><strong>Taux applicable en %<\/strong><\/td>\n<\/tr>\n<tr>\n<td>De 0 \u00e0 12 450 \u20ac<\/td>\n<td>19%<\/td>\n<\/tr>\n<tr>\n<td>De 12 450 \u20ac \u00e0 20 200 \u20ac<\/td>\n<td>24%<\/td>\n<\/tr>\n<tr>\n<td>De 20 200 \u20ac \u00e0 35 200 \u20ac<\/td>\n<td>30%<\/td>\n<\/tr>\n<tr>\n<td>De 35 200 \u20ac \u00e0 60 000 \u20ac<\/td>\n<td>37%<\/td>\n<\/tr>\n<tr>\n<td>Sup\u00e9rieure \u00e0 60 000 \u20ac<\/td>\n<td>45%<\/td>\n<\/tr>\n<\/tbody>\n<\/table>\n<\/figure>\n<p>Il convient de rappeler que les revenus soumis \u00e0 une imposition \u00e0 la fois en <a href=\"https:\/\/delaguialuzon.com\/fr\/blog\/travailler-en-espagne-en-tant-que-francais\/\">France<\/a> et en Espagne ouvrent le droit \u00e0 l&rsquo;application de la mesure d&rsquo;\u00e9limination de la double imposition.<\/p>\n<h2>Les revenus exon\u00e9r\u00e9s<\/h2>\n<p>Tous les revenus per\u00e7us en Espagne ne sont pas n\u00e9cessairement soumis \u00e0 l&rsquo;imp\u00f4t. Certaines cat\u00e9gories b\u00e9n\u00e9ficient en effet d&rsquo;une exon\u00e9ration totale :<\/p>\n<ul>\n<li>Les <a href=\"https:\/\/delaguialuzon.com\/fr\/blog\/mesures-urgentes-dana-valencia-2024\/\">prestations sociales<\/a> vers\u00e9es en cas d&rsquo;incapacit\u00e9 permanente absolue ou de grande invalidit\u00e9 reconnue ;<\/li>\n<li>Les bourses d&rsquo;\u00e9tudes ou de recherche, qu&rsquo;elles soient d&rsquo;origine publique ou accord\u00e9es par des organismes \u00e0 but non lucratif ;<\/li>\n<li>Les indemnit\u00e9s per\u00e7ues lors d&rsquo;une rupture de contrat de travail, dans la limite du plafond l\u00e9galement fix\u00e9 ;<\/li>\n<li>Les pensions alimentaires vers\u00e9es par un parent \u00e0 ses enfants en ex\u00e9cution d&rsquo;une d\u00e9cision judiciaire ;<\/li>\n<li>Certaines prestations et aides \u00e0 caract\u00e8re social d\u00e9finies par la l\u00e9gislation espagnole.<\/li>\n<\/ul>\n<h2>Le paiement de l&rsquo;imp\u00f4t<\/h2>\n<p>De mani\u00e8re g\u00e9n\u00e9rale, en Espagne, les imp\u00f4ts sont <strong>pr\u00e9lev\u00e9s \u00e0 la source<\/strong>.<\/p>\n<p>Le salaire per\u00e7u en fin de mois est donc net de tout imp\u00f4t.<\/p>\n<p>En 2014, l&rsquo;<a href=\"https:\/\/delaguialuzon.com\/fr\/blog\/impots-sur-le-revenu-en-espagne\/\">imp\u00f4t sur le revenu<\/a> a fait l&rsquo;objet d&rsquo;une r\u00e9forme appliqu\u00e9e sur la p\u00e9riode 2015 et 2016.<\/p>\n<p>Les revenus imposables sont, selon leur nature, attribu\u00e9s soit \u00e0 l&rsquo;assiette g\u00e9n\u00e9rale, soit \u00e0 la cat\u00e9gorie des revenus de l&rsquo;\u00e9pargne.<\/p>\n<h2>D\u00e9clarer les imp\u00f4ts en Espagne<\/h2>\n<p>Les d\u00e9clarations d&rsquo;IRPF doivent \u00eatre d\u00e9pos\u00e9es aupr\u00e8s des \u00ab <em>administraciones<\/em> \u00bb de l&rsquo;Agencia Estatal de Administraci\u00f3n Tributaria (AEAT).<\/p>\n<p>Ces d\u00e9clarations sont \u00e0 pr\u00e9senter chaque ann\u00e9e entre d\u00e9but avril et fin juin.<\/p>\n<p>Ces d\u00e9clarations ne sont pas dues par chaque contribuable. En effet, \u00e9tant donn\u00e9 que l&rsquo;imp\u00f4t fait l&rsquo;objet d&rsquo;un pr\u00e9l\u00e8vement \u00e0 la source selon les informations fournies par l&#8217;employeur, les conditions suivantes s&rsquo;appliquent \u00e0 quiconque se doit d&rsquo;effectuer ces d\u00e9clarations :<\/p>\n<ul>\n<li>Lorsque le montant annuel des revenus per\u00e7us est sup\u00e9rieur \u00e0 <strong>22 000 \u20ac<\/strong> ;<\/li>\n<li>En cas de pluralit\u00e9 d&#8217;employeurs, ce montant est abaiss\u00e9 \u00e0 <strong>11 200 \u20ac<\/strong>.<\/li>\n<\/ul>\n<div class=\"info-note\" style=\"border-left: 6px solid #768a7b; background: #fff; padding: 16px 18px; border-radius: 10px; margin: 18px 0;\">\n<p><strong style=\"display: block; font-size: 16px; margin-bottom: 6px; color: #768a7b;\">Bon \u00e0 savoir<\/strong><\/p>\n<p style=\"margin: 0; line-height: 1.5; color: #333;\">Vous vivez hors d&rsquo;Espagne mais percevez des revenus de source espagnole ? Vous \u00eates alors soumis \u00e0 l&rsquo;Imp\u00f4t sur le Revenu des Non-R\u00e9sidents (IRNR), un r\u00e9gime fiscal sp\u00e9cifique qui s&rsquo;applique \u00e0 toute personne physique ou morale ne disposant pas de domicile fiscal en Espagne.<\/p>\n<\/div>\n<h2>Un accompagnement sur mesure pour les expatri\u00e9s fran\u00e7ais<\/h2>\n<p>D\u00e9clarer ses imp\u00f4ts en Espagne en tant qu&rsquo;<a href=\"https:\/\/delaguialuzon.com\/fr\/blog\/la-fiscalite-espagnole-tout-savoir-avant-de-s-expatrier\/\">expatri\u00e9 fran\u00e7ais<\/a> peut sembler complexe, entre d\u00e9termination de la r\u00e9sidence fiscale, obligations d\u00e9claratives et risques de double imposition.<\/p>\n<p>Chaque situation est unique et une erreur d&rsquo;appr\u00e9ciation peut entra\u00eener des p\u00e9nalit\u00e9s. Le cabinet <a href=\"https:\/\/delaguialuzon.com\/fr\/\">Delagu\u00eda &amp; Luz\u00f3n<\/a>, sp\u00e9cialis\u00e9 en fiscalit\u00e9 franco-espagnole, vous accompagne \u00e0 chaque \u00e9tape, de l&rsquo;analyse de votre situation personnelle jusqu&rsquo;au d\u00e9p\u00f4t de votre d\u00e9claration.<\/p>\n<p><a href=\"https:\/\/delaguialuzon.com\/fr\/\">Contactez-nous<\/a> d\u00e8s aujourd&rsquo;hui pour b\u00e9n\u00e9ficier d&rsquo;un conseil personnalis\u00e9 et s\u00e9curiser votre situation fiscale en Espagne.<\/p>\n<div class=\"cta-box\" style=\"background-color: #f5f5f5; padding: 20px; border-radius: 5px;\">\n<h2>Accompagnement fiscal pour d\u00e9clarer vos imp\u00f4ts en Espagne<\/h2>\n<p><a href=\"https:\/\/delaguialuzon.com\/fr\/contact\/\">Contactez Delagu\u00eda &amp; Luz\u00f3n<\/a> pour b\u00e9n\u00e9ficier d&rsquo;un accompagnement personnalis\u00e9 en mati\u00e8re de <strong>d\u00e9claration d&rsquo;imp\u00f4ts en Espagne<\/strong>, d&rsquo;<strong>IRPF<\/strong>, d&rsquo;<strong>IRNR<\/strong>, de revenus immobiliers ou de revenus per\u00e7us \u00e0 l&rsquo;\u00e9tranger, et s\u00e9curiser votre situation fiscale aupr\u00e8s de l&rsquo;Agencia Tributaria.<\/p>\n<ul>\n<li>Email : <a href=\"mailto:felix.delaguia@delaguialuzon.com\">felix.delaguia@delaguialuzon.com<\/a><\/li>\n<li>T\u00e9l\u00e9phone : <a href=\"tel:+34963741657\">+34 963 74 16 57<\/a><\/li>\n<\/ul>\n<\/div>\t\t\t\t\t\t\t\t<\/div>\n\t\t\t\t<\/div>\n\t\t\t\t\t<\/div>\n\t\t\t\t<\/div>\n\t\t<div class=\"elementor-element elementor-element-be194e5 e-flex e-con-boxed e-con e-parent\" data-id=\"be194e5\" data-element_type=\"container\" data-e-type=\"container\">\n\t\t\t\t\t<div class=\"e-con-inner\">\n\t\t\t\t<div class=\"elementor-element elementor-element-d44de31 elementor-widget elementor-widget-n-accordion\" data-id=\"d44de31\" data-element_type=\"widget\" data-e-type=\"widget\" data-settings=\"{&quot;default_state&quot;:&quot;expanded&quot;,&quot;max_items_expended&quot;:&quot;one&quot;,&quot;n_accordion_animation_duration&quot;:{&quot;unit&quot;:&quot;ms&quot;,&quot;size&quot;:400,&quot;sizes&quot;:[]}}\" data-widget_type=\"nested-accordion.default\">\n\t\t\t\t<div class=\"elementor-widget-container\">\n\t\t\t\t\t\t\t<div class=\"e-n-accordion\" aria-label=\"Accordion. Open links with Enter or Space, close with Escape, and navigate with Arrow Keys\">\n\t\t\t\t\t\t<details id=\"e-n-accordion-item-2220\" class=\"e-n-accordion-item\" open>\n\t\t\t\t<summary class=\"e-n-accordion-item-title\" data-accordion-index=\"1\" tabindex=\"0\" aria-expanded=\"true\" aria-controls=\"e-n-accordion-item-2220\" >\n\t\t\t\t\t<span class='e-n-accordion-item-title-header'><div class=\"e-n-accordion-item-title-text\"> Comment savoir si je suis r\u00e9sident fiscal en Espagne ? <\/div><\/span>\n\t\t\t\t\t\t\t<span class='e-n-accordion-item-title-icon'>\n\t\t\t<span class='e-opened' ><svg aria-hidden=\"true\" class=\"e-font-icon-svg e-fas-minus\" viewBox=\"0 0 448 512\" xmlns=\"http:\/\/www.w3.org\/2000\/svg\"><path d=\"M416 208H32c-17.67 0-32 14.33-32 32v32c0 17.67 14.33 32 32 32h384c17.67 0 32-14.33 32-32v-32c0-17.67-14.33-32-32-32z\"><\/path><\/svg><\/span>\n\t\t\t<span class='e-closed'><svg aria-hidden=\"true\" class=\"e-font-icon-svg e-fas-plus\" viewBox=\"0 0 448 512\" xmlns=\"http:\/\/www.w3.org\/2000\/svg\"><path d=\"M416 208H272V64c0-17.67-14.33-32-32-32h-32c-17.67 0-32 14.33-32 32v144H32c-17.67 0-32 14.33-32 32v32c0 17.67 14.33 32 32 32h144v144c0 17.67 14.33 32 32 32h32c17.67 0 32-14.33 32-32V304h144c17.67 0 32-14.33 32-32v-32c0-17.67-14.33-32-32-32z\"><\/path><\/svg><\/span>\n\t\t<\/span>\n\n\t\t\t\t\t\t<\/summary>\n\t\t\t\t<div role=\"region\" aria-labelledby=\"e-n-accordion-item-2220\" class=\"elementor-element elementor-element-5cfec83 e-con-full e-flex e-con e-child\" data-id=\"5cfec83\" data-element_type=\"container\" data-e-type=\"container\">\n\t\t\t\t<div class=\"elementor-element elementor-element-f693e50 elementor-widget elementor-widget-text-editor\" data-id=\"f693e50\" data-element_type=\"widget\" data-e-type=\"widget\" data-widget_type=\"text-editor.default\">\n\t\t\t\t<div class=\"elementor-widget-container\">\n\t\t\t\t\t\t\t\t\t<p>Vous \u00eates consid\u00e9r\u00e9 comme r\u00e9sident fiscal en Espagne si vous y s\u00e9journez plus de 183 jours par an ou si votre centre d\u2019int\u00e9r\u00eats \u00e9conomiques s\u2019y situe.<\/p>\n<p>Cela signifie que vos activit\u00e9s professionnelles, investissements ou principales sources de revenus sont \u00e9tablis sur le territoire espagnol.<\/p>\t\t\t\t\t\t\t\t<\/div>\n\t\t\t\t<\/div>\n\t\t\t\t<\/div>\n\t\t\t\t\t<\/details>\n\t\t\t\t\t\t<details id=\"e-n-accordion-item-2221\" class=\"e-n-accordion-item\" >\n\t\t\t\t<summary class=\"e-n-accordion-item-title\" data-accordion-index=\"2\" tabindex=\"-1\" aria-expanded=\"false\" aria-controls=\"e-n-accordion-item-2221\" >\n\t\t\t\t\t<span class='e-n-accordion-item-title-header'><div class=\"e-n-accordion-item-title-text\"> Dois-je d\u00e9clarer mes revenus per\u00e7us en France si je vis en Espagne ? <\/div><\/span>\n\t\t\t\t\t\t\t<span class='e-n-accordion-item-title-icon'>\n\t\t\t<span class='e-opened' ><svg aria-hidden=\"true\" class=\"e-font-icon-svg e-fas-minus\" viewBox=\"0 0 448 512\" xmlns=\"http:\/\/www.w3.org\/2000\/svg\"><path d=\"M416 208H32c-17.67 0-32 14.33-32 32v32c0 17.67 14.33 32 32 32h384c17.67 0 32-14.33 32-32v-32c0-17.67-14.33-32-32-32z\"><\/path><\/svg><\/span>\n\t\t\t<span class='e-closed'><svg aria-hidden=\"true\" class=\"e-font-icon-svg e-fas-plus\" viewBox=\"0 0 448 512\" xmlns=\"http:\/\/www.w3.org\/2000\/svg\"><path d=\"M416 208H272V64c0-17.67-14.33-32-32-32h-32c-17.67 0-32 14.33-32 32v144H32c-17.67 0-32 14.33-32 32v32c0 17.67 14.33 32 32 32h144v144c0 17.67 14.33 32 32 32h32c17.67 0 32-14.33 32-32V304h144c17.67 0 32-14.33 32-32v-32c0-17.67-14.33-32-32-32z\"><\/path><\/svg><\/span>\n\t\t<\/span>\n\n\t\t\t\t\t\t<\/summary>\n\t\t\t\t<div role=\"region\" aria-labelledby=\"e-n-accordion-item-2221\" class=\"elementor-element elementor-element-96dfbde e-con-full e-flex e-con e-child\" data-id=\"96dfbde\" data-element_type=\"container\" data-e-type=\"container\">\n\t\t\t\t<div class=\"elementor-element elementor-element-49aa732 elementor-widget elementor-widget-text-editor\" data-id=\"49aa732\" data-element_type=\"widget\" data-e-type=\"widget\" data-widget_type=\"text-editor.default\">\n\t\t\t\t<div class=\"elementor-widget-container\">\n\t\t\t\t\t\t\t\t\t<p>Oui.\u00a0Si votre r\u00e9sidence fiscale est en Espagne, vous \u00eates soumis \u00e0 une obligation fiscale illimit\u00e9e et devez d\u00e9clarer l\u2019ensemble de vos revenus mondiaux, y compris ceux per\u00e7us en France ou dans un autre pays.<\/p>\n<p>La convention fiscale franco-espagnole permet toutefois d\u2019\u00e9viter la double imposition.<\/p>\t\t\t\t\t\t\t\t<\/div>\n\t\t\t\t<\/div>\n\t\t\t\t<\/div>\n\t\t\t\t\t<\/details>\n\t\t\t\t\t\t<details id=\"e-n-accordion-item-2222\" class=\"e-n-accordion-item\" >\n\t\t\t\t<summary class=\"e-n-accordion-item-title\" data-accordion-index=\"3\" tabindex=\"-1\" aria-expanded=\"false\" aria-controls=\"e-n-accordion-item-2222\" >\n\t\t\t\t\t<span class='e-n-accordion-item-title-header'><div class=\"e-n-accordion-item-title-text\"> \u00c0 partir de quel montant suis-je oblig\u00e9 de d\u00e9poser une d\u00e9claration d\u2019IRPF ? <\/div><\/span>\n\t\t\t\t\t\t\t<span class='e-n-accordion-item-title-icon'>\n\t\t\t<span class='e-opened' ><svg aria-hidden=\"true\" class=\"e-font-icon-svg e-fas-minus\" viewBox=\"0 0 448 512\" xmlns=\"http:\/\/www.w3.org\/2000\/svg\"><path d=\"M416 208H32c-17.67 0-32 14.33-32 32v32c0 17.67 14.33 32 32 32h384c17.67 0 32-14.33 32-32v-32c0-17.67-14.33-32-32-32z\"><\/path><\/svg><\/span>\n\t\t\t<span class='e-closed'><svg aria-hidden=\"true\" class=\"e-font-icon-svg e-fas-plus\" viewBox=\"0 0 448 512\" xmlns=\"http:\/\/www.w3.org\/2000\/svg\"><path d=\"M416 208H272V64c0-17.67-14.33-32-32-32h-32c-17.67 0-32 14.33-32 32v144H32c-17.67 0-32 14.33-32 32v32c0 17.67 14.33 32 32 32h144v144c0 17.67 14.33 32 32 32h32c17.67 0 32-14.33 32-32V304h144c17.67 0 32-14.33 32-32v-32c0-17.67-14.33-32-32-32z\"><\/path><\/svg><\/span>\n\t\t<\/span>\n\n\t\t\t\t\t\t<\/summary>\n\t\t\t\t<div role=\"region\" aria-labelledby=\"e-n-accordion-item-2222\" class=\"elementor-element elementor-element-a3aa85c e-con-full e-flex e-con e-child\" data-id=\"a3aa85c\" data-element_type=\"container\" data-e-type=\"container\">\n\t\t\t\t<div class=\"elementor-element elementor-element-ae8fce4 elementor-widget elementor-widget-text-editor\" data-id=\"ae8fce4\" data-element_type=\"widget\" data-e-type=\"widget\" data-widget_type=\"text-editor.default\">\n\t\t\t\t<div class=\"elementor-widget-container\">\n\t\t\t\t\t\t\t\t\t<p>La d\u00e9claration d\u2019IRPF est obligatoire si vos revenus annuels d\u00e9passent 22 000 \u20ac.<\/p>\n<p>En cas de pluralit\u00e9 d\u2019employeurs, le seuil est abaiss\u00e9 \u00e0 11 200 \u20ac.<\/p>\n<p>Les d\u00e9clarations doivent \u00eatre d\u00e9pos\u00e9es chaque ann\u00e9e entre avril et fin juin aupr\u00e8s de l\u2019Agencia Tributaria.<\/p>\t\t\t\t\t\t\t\t<\/div>\n\t\t\t\t<\/div>\n\t\t\t\t<\/div>\n\t\t\t\t\t<\/details>\n\t\t\t\t\t\t<details id=\"e-n-accordion-item-2223\" class=\"e-n-accordion-item\" >\n\t\t\t\t<summary class=\"e-n-accordion-item-title\" data-accordion-index=\"4\" tabindex=\"-1\" aria-expanded=\"false\" aria-controls=\"e-n-accordion-item-2223\" >\n\t\t\t\t\t<span class='e-n-accordion-item-title-header'><div class=\"e-n-accordion-item-title-text\"> Que risque-t-on en cas d\u2019erreur ou d\u2019omission dans sa d\u00e9claration ? <\/div><\/span>\n\t\t\t\t\t\t\t<span class='e-n-accordion-item-title-icon'>\n\t\t\t<span class='e-opened' ><svg aria-hidden=\"true\" class=\"e-font-icon-svg e-fas-minus\" viewBox=\"0 0 448 512\" xmlns=\"http:\/\/www.w3.org\/2000\/svg\"><path d=\"M416 208H32c-17.67 0-32 14.33-32 32v32c0 17.67 14.33 32 32 32h384c17.67 0 32-14.33 32-32v-32c0-17.67-14.33-32-32-32z\"><\/path><\/svg><\/span>\n\t\t\t<span class='e-closed'><svg aria-hidden=\"true\" class=\"e-font-icon-svg e-fas-plus\" viewBox=\"0 0 448 512\" xmlns=\"http:\/\/www.w3.org\/2000\/svg\"><path d=\"M416 208H272V64c0-17.67-14.33-32-32-32h-32c-17.67 0-32 14.33-32 32v144H32c-17.67 0-32 14.33-32 32v32c0 17.67 14.33 32 32 32h144v144c0 17.67 14.33 32 32 32h32c17.67 0 32-14.33 32-32V304h144c17.67 0 32-14.33 32-32v-32c0-17.67-14.33-32-32-32z\"><\/path><\/svg><\/span>\n\t\t<\/span>\n\n\t\t\t\t\t\t<\/summary>\n\t\t\t\t<div role=\"region\" aria-labelledby=\"e-n-accordion-item-2223\" class=\"elementor-element elementor-element-0bdbddb e-flex e-con-boxed e-con e-child\" data-id=\"0bdbddb\" data-element_type=\"container\" data-e-type=\"container\">\n\t\t\t\t\t<div class=\"e-con-inner\">\n\t\t\t\t<div class=\"elementor-element elementor-element-33ff23a elementor-widget elementor-widget-text-editor\" data-id=\"33ff23a\" data-element_type=\"widget\" data-e-type=\"widget\" data-widget_type=\"text-editor.default\">\n\t\t\t\t<div class=\"elementor-widget-container\">\n\t\t\t\t\t\t\t\t\t<p>Une d\u00e9claration incompl\u00e8te ou tardive peut entra\u00eener des majorations, des int\u00e9r\u00eats de retard et, dans certains cas, un contr\u00f4le fiscal.<\/p>\n<p>Une mauvaise appr\u00e9ciation de votre r\u00e9sidence fiscale peut \u00e9galement g\u00e9n\u00e9rer un risque de double imposition.<\/p>\t\t\t\t\t\t\t\t<\/div>\n\t\t\t\t<\/div>\n\t\t\t\t\t<\/div>\n\t\t\t\t<\/div>\n\t\t\t\t\t<\/details>\n\t\t\t\t\t\t<details id=\"e-n-accordion-item-2224\" class=\"e-n-accordion-item\" >\n\t\t\t\t<summary class=\"e-n-accordion-item-title\" data-accordion-index=\"5\" tabindex=\"-1\" aria-expanded=\"false\" aria-controls=\"e-n-accordion-item-2224\" >\n\t\t\t\t\t<span class='e-n-accordion-item-title-header'><div class=\"e-n-accordion-item-title-text\"> Quelle diff\u00e9rence entre IRPF et IRNR ? <\/div><\/span>\n\t\t\t\t\t\t\t<span class='e-n-accordion-item-title-icon'>\n\t\t\t<span class='e-opened' ><svg aria-hidden=\"true\" class=\"e-font-icon-svg e-fas-minus\" viewBox=\"0 0 448 512\" xmlns=\"http:\/\/www.w3.org\/2000\/svg\"><path d=\"M416 208H32c-17.67 0-32 14.33-32 32v32c0 17.67 14.33 32 32 32h384c17.67 0 32-14.33 32-32v-32c0-17.67-14.33-32-32-32z\"><\/path><\/svg><\/span>\n\t\t\t<span class='e-closed'><svg aria-hidden=\"true\" class=\"e-font-icon-svg e-fas-plus\" viewBox=\"0 0 448 512\" xmlns=\"http:\/\/www.w3.org\/2000\/svg\"><path d=\"M416 208H272V64c0-17.67-14.33-32-32-32h-32c-17.67 0-32 14.33-32 32v144H32c-17.67 0-32 14.33-32 32v32c0 17.67 14.33 32 32 32h144v144c0 17.67 14.33 32 32 32h32c17.67 0 32-14.33 32-32V304h144c17.67 0 32-14.33 32-32v-32c0-17.67-14.33-32-32-32z\"><\/path><\/svg><\/span>\n\t\t<\/span>\n\n\t\t\t\t\t\t<\/summary>\n\t\t\t\t<div role=\"region\" aria-labelledby=\"e-n-accordion-item-2224\" class=\"elementor-element elementor-element-032de0a e-flex e-con-boxed e-con e-child\" data-id=\"032de0a\" data-element_type=\"container\" data-e-type=\"container\">\n\t\t\t\t\t<div class=\"e-con-inner\">\n\t\t\t\t<div class=\"elementor-element elementor-element-eeb9dfe elementor-widget elementor-widget-text-editor\" data-id=\"eeb9dfe\" data-element_type=\"widget\" data-e-type=\"widget\" data-widget_type=\"text-editor.default\">\n\t\t\t\t<div class=\"elementor-widget-container\">\n\t\t\t\t\t\t\t\t\t<p>L\u2019IRPF concerne les personnes ayant leur r\u00e9sidence fiscale en Espagne.<\/p>\n<p>L\u2019IRNR s\u2019applique aux personnes non r\u00e9sidentes qui per\u00e7oivent des revenus de source espagnole, comme des loyers ou une plus-value immobili\u00e8re.<\/p>\n<p>Le r\u00e9gime applicable d\u00e9pend donc exclusivement de votre statut fiscal.<\/p>\t\t\t\t\t\t\t\t<\/div>\n\t\t\t\t<\/div>\n\t\t\t\t\t<\/div>\n\t\t\t\t<\/div>\n\t\t\t\t\t<\/details>\n\t\t\t\t\t<\/div>\n\t\t\t\t\t\t<\/div>\n\t\t\t\t<\/div>\n\t\t\t\t\t<\/div>\n\t\t\t\t<\/div>\n\t\t\t\t<\/div>\n\t\t<style>\r\n.lwrp.link-whisper-related-posts{\r\n            \r\n            margin-top: 40px;\nmargin-bottom: 30px;\r\n        }\r\n        .lwrp .lwrp-title{\r\n            \r\n            \r\n        }.lwrp .lwrp-description{\r\n            \r\n            \r\n\r\n        }\r\n        .lwrp .lwrp-list-container{\r\n        }\r\n        .lwrp .lwrp-list-multi-container{\r\n            display: flex;\r\n        }\r\n        .lwrp .lwrp-list-double{\r\n            width: 48%;\r\n        }\r\n        .lwrp .lwrp-list-triple{\r\n            width: 32%;\r\n        }\r\n        .lwrp .lwrp-list-row-container{\r\n            display: flex;\r\n            justify-content: space-between;\r\n        }\r\n        .lwrp .lwrp-list-row-container .lwrp-list-item{\r\n            width: calc(16% - 20px);\r\n        }\r\n        .lwrp .lwrp-list-item:not(.lwrp-no-posts-message-item){\r\n            \r\n            max-width: 150px;list-style: none;\r\n        }\r\n        .lwrp .lwrp-list-item img{\r\n            max-width: 100%;\r\n            height: auto;\r\n            object-fit: cover;\r\n            aspect-ratio: 1 \/ 1;\r\n        }\r\n        .lwrp .lwrp-list-item.lwrp-empty-list-item{\r\n            background: initial !important;\r\n        }\r\n        .lwrp .lwrp-list-item .lwrp-list-link .lwrp-list-link-title-text,\r\n        .lwrp .lwrp-list-item .lwrp-list-no-posts-message{\r\n            \r\n            \r\n            \r\n            font-style: normal;\r\n        }@media screen and (max-width: 480px) {\r\n            .lwrp.link-whisper-related-posts{\r\n                \r\n                \r\n            }\r\n            .lwrp .lwrp-title{\r\n                \r\n                \r\n            }.lwrp .lwrp-description{\r\n                \r\n                \r\n            }\r\n            .lwrp .lwrp-list-multi-container{\r\n                flex-direction: column;\r\n            }\r\n            .lwrp .lwrp-list-multi-container ul.lwrp-list{\r\n                margin-top: 0px;\r\n                margin-bottom: 0px;\r\n                padding-top: 0px;\r\n                padding-bottom: 0px;\r\n            }\r\n            .lwrp .lwrp-list-double,\r\n            .lwrp .lwrp-list-triple{\r\n                width: 100%;\r\n            }\r\n            .lwrp .lwrp-list-row-container{\r\n                justify-content: initial;\r\n                flex-direction: column;\r\n            }\r\n            .lwrp .lwrp-list-row-container .lwrp-list-item{\r\n                width: 100%;\r\n            }\r\n            .lwrp .lwrp-list-item:not(.lwrp-no-posts-message-item){\r\n                \r\n                max-width: initial;\r\n            }\r\n            .lwrp .lwrp-list-item .lwrp-list-link .lwrp-list-link-title-text,\r\n            .lwrp .lwrp-list-item .lwrp-list-no-posts-message{\r\n                \r\n                \r\n                \r\n                \r\n            };\r\n        }<\/style>\r\n<div id=\"link-whisper-related-posts-widget\" class=\"link-whisper-related-posts lwrp\">\r\n    \r\n        <div class=\"lwrp-list-container\">\r\n                                <div class=\"lwrp-list lwrp-list-row-container lwrp-list-single-row\">\r\n                <div class=\"lwrp-list-item\"><a href=\"https:\/\/delaguialuzon.com\/fr\/blog\/valencia-beaux-sites-visiter\/\" class=\"lwrp-list-link\"><img width=\"480\" height=\"321\" src=\"https:\/\/delaguialuzon.com\/wp-content\/uploads\/2022\/05\/visiter-alentours-Valencia.jpg\" class=\"attachment-480x480 size-480x480 wp-post-image\" alt=\"\u00e0 visiter aux alentours de Valencia\" srcset=\"https:\/\/delaguialuzon.com\/wp-content\/uploads\/2022\/05\/visiter-alentours-Valencia.jpg 950w, https:\/\/delaguialuzon.com\/wp-content\/uploads\/2022\/05\/visiter-alentours-Valencia-300x201.jpg 300w, https:\/\/delaguialuzon.com\/wp-content\/uploads\/2022\/05\/visiter-alentours-Valencia-768x513.jpg 768w\" sizes=\"(max-width: 480px) 100vw, 480px\" \/><br><span class=\"lwrp-list-link-title-text\">Les plus beaux sites \u00e0 visiter aux alentours de Valencia<\/span><\/a><\/div><div class=\"lwrp-list-item\"><a href=\"https:\/\/delaguialuzon.com\/fr\/blog\/investir-en-espagne\/\" class=\"lwrp-list-link\"><img width=\"480\" height=\"192\" src=\"https:\/\/delaguialuzon.com\/wp-content\/uploads\/2025\/01\/investing-in-spain-e1769531697491.jpg\" class=\"attachment-480x480 size-480x480 wp-post-image\" alt=\"invertir en espagne\" srcset=\"https:\/\/delaguialuzon.com\/wp-content\/uploads\/2025\/01\/investing-in-spain-e1769531697491.jpg 1000w, https:\/\/delaguialuzon.com\/wp-content\/uploads\/2025\/01\/investing-in-spain-e1769531697491-300x120.jpg 300w, https:\/\/delaguialuzon.com\/wp-content\/uploads\/2025\/01\/investing-in-spain-e1769531697491-768x307.jpg 768w\" sizes=\"(max-width: 480px) 100vw, 480px\" \/><br><span class=\"lwrp-list-link-title-text\">Investir en Espagne: quelles sont les options possibles ?<\/span><\/a><\/div><div class=\"lwrp-list-item\"><a href=\"https:\/\/delaguialuzon.com\/fr\/blog\/locations-courte-duree-espagne\/\" class=\"lwrp-list-link\"><img width=\"480\" height=\"320\" src=\"https:\/\/delaguialuzon.com\/wp-content\/uploads\/2025\/06\/alquileres-corta-duracion.jpg\" class=\"attachment-480x480 size-480x480 wp-post-image\" alt=\"Locations de courte dur\u00e9e en Espagne\" srcset=\"https:\/\/delaguialuzon.com\/wp-content\/uploads\/2025\/06\/alquileres-corta-duracion.jpg 1000w, https:\/\/delaguialuzon.com\/wp-content\/uploads\/2025\/06\/alquileres-corta-duracion-300x200.jpg 300w, https:\/\/delaguialuzon.com\/wp-content\/uploads\/2025\/06\/alquileres-corta-duracion-768x512.jpg 768w\" sizes=\"(max-width: 480px) 100vw, 480px\" \/><br><span class=\"lwrp-list-link-title-text\">Nouvelle norme europ\u00e9enne pour les locations de courte dur\u00e9e en Espagne : qu&rsquo;est-ce qui change \u00e0 partir du 1er juillet 2025 ?<\/span><\/a><\/div><div class=\"lwrp-list-item\"><a href=\"https:\/\/delaguialuzon.com\/fr\/cabinet-avocats-la-eliana\/\" class=\"lwrp-list-link\"><img width=\"480\" height=\"320\" src=\"https:\/\/delaguialuzon.com\/wp-content\/uploads\/2024\/12\/despacho-abogados-la-eliana.jpg\" class=\"attachment-480x480 size-480x480 wp-post-image\" alt=\"Cabinet d&#039;avocats \u00e0 La Eliana\" srcset=\"https:\/\/delaguialuzon.com\/wp-content\/uploads\/2024\/12\/despacho-abogados-la-eliana.jpg 950w, https:\/\/delaguialuzon.com\/wp-content\/uploads\/2024\/12\/despacho-abogados-la-eliana-300x200.jpg 300w, https:\/\/delaguialuzon.com\/wp-content\/uploads\/2024\/12\/despacho-abogados-la-eliana-768x513.jpg 768w\" sizes=\"(max-width: 480px) 100vw, 480px\" \/><br><span class=\"lwrp-list-link-title-text\">Cabinet d&rsquo;avocats \u00e0 La Eliana<\/span><\/a><\/div><div class=\"lwrp-list-item\"><a href=\"https:\/\/delaguialuzon.com\/fr\/audit\/\" class=\"lwrp-list-link\"><img width=\"480\" height=\"319\" src=\"https:\/\/delaguialuzon.com\/wp-content\/uploads\/2024\/04\/audit-entreprise-valencia-scaled.jpg\" class=\"attachment-480x480 size-480x480 wp-post-image\" alt=\"Audit d&#039;entreprise Valencia\" srcset=\"https:\/\/delaguialuzon.com\/wp-content\/uploads\/2024\/04\/audit-entreprise-valencia-scaled.jpg 2560w, https:\/\/delaguialuzon.com\/wp-content\/uploads\/2024\/04\/audit-entreprise-valencia-300x200.jpg 300w, https:\/\/delaguialuzon.com\/wp-content\/uploads\/2024\/04\/audit-entreprise-valencia-1024x681.jpg 1024w, https:\/\/delaguialuzon.com\/wp-content\/uploads\/2024\/04\/audit-entreprise-valencia-768x511.jpg 768w, https:\/\/delaguialuzon.com\/wp-content\/uploads\/2024\/04\/audit-entreprise-valencia-1536x1022.jpg 1536w, https:\/\/delaguialuzon.com\/wp-content\/uploads\/2024\/04\/audit-entreprise-valencia-2048x1363.jpg 2048w\" sizes=\"(max-width: 480px) 100vw, 480px\" \/><br><span class=\"lwrp-list-link-title-text\">Audit d\u2019entreprises et restructuration<\/span><\/a><\/div><div class=\"lwrp-list-item\"><a href=\"https:\/\/delaguialuzon.com\/fr\/blog\/impot-societes-espagne\/\" class=\"lwrp-list-link\"><img width=\"480\" height=\"320\" src=\"https:\/\/delaguialuzon.com\/wp-content\/uploads\/2021\/12\/impot-societes-espagne.jpg\" class=\"attachment-480x480 size-480x480 wp-post-image\" alt=\"imp\u00f4t des soci\u00e9t\u00e9s en Espagne\" srcset=\"https:\/\/delaguialuzon.com\/wp-content\/uploads\/2021\/12\/impot-societes-espagne.jpg 950w, https:\/\/delaguialuzon.com\/wp-content\/uploads\/2021\/12\/impot-societes-espagne-300x200.jpg 300w, https:\/\/delaguialuzon.com\/wp-content\/uploads\/2021\/12\/impot-societes-espagne-768x513.jpg 768w\" sizes=\"(max-width: 480px) 100vw, 480px\" \/><br><span class=\"lwrp-list-link-title-text\">Tout savoir sur l\u2019imp\u00f4t des soci\u00e9t\u00e9s en Espagne<\/span><\/a><\/div>                <\/div>\r\n                <\/div>\r\n<\/div>","protected":false},"excerpt":{"rendered":"<p>Vous r\u00e9sidez en Espagne, vous poss\u00e9dez votre\u00a0Num\u00e9ro d\u2019Identit\u00e9 pour \u00c9tranger, le NIE, mais savez-vous exactement o\u00f9 et comment d\u00e9clarer vos imp\u00f4ts sur le revenu, connus en Espagne sous l\u2019acronyme IRPF (Impuesto sobre la Renta de las Personas F\u00edsicas) ? Un accompagnement juridique et fiscal permet d\u2019\u00e9viter les erreurs, les sanctions et les risques de double imposition.<\/p>\n","protected":false},"author":2,"featured_media":2752,"comment_status":"closed","ping_status":"open","sticky":false,"template":"","format":"standard","meta":{"_mbp_gutenberg_autopost":false,"_joinchat":[],"footnotes":""},"categories":[28],"tags":[],"class_list":["post-2573","post","type-post","status-publish","format-standard","has-post-thumbnail","hentry","category-droit-fiscal"],"_links":{"self":[{"href":"https:\/\/delaguialuzon.com\/fr\/wp-json\/wp\/v2\/posts\/2573","targetHints":{"allow":["GET"]}}],"collection":[{"href":"https:\/\/delaguialuzon.com\/fr\/wp-json\/wp\/v2\/posts"}],"about":[{"href":"https:\/\/delaguialuzon.com\/fr\/wp-json\/wp\/v2\/types\/post"}],"author":[{"embeddable":true,"href":"https:\/\/delaguialuzon.com\/fr\/wp-json\/wp\/v2\/users\/2"}],"replies":[{"embeddable":true,"href":"https:\/\/delaguialuzon.com\/fr\/wp-json\/wp\/v2\/comments?post=2573"}],"version-history":[{"count":71,"href":"https:\/\/delaguialuzon.com\/fr\/wp-json\/wp\/v2\/posts\/2573\/revisions"}],"predecessor-version":[{"id":24259,"href":"https:\/\/delaguialuzon.com\/fr\/wp-json\/wp\/v2\/posts\/2573\/revisions\/24259"}],"wp:featuredmedia":[{"embeddable":true,"href":"https:\/\/delaguialuzon.com\/fr\/wp-json\/wp\/v2\/media\/2752"}],"wp:attachment":[{"href":"https:\/\/delaguialuzon.com\/fr\/wp-json\/wp\/v2\/media?parent=2573"}],"wp:term":[{"taxonomy":"category","embeddable":true,"href":"https:\/\/delaguialuzon.com\/fr\/wp-json\/wp\/v2\/categories?post=2573"},{"taxonomy":"post_tag","embeddable":true,"href":"https:\/\/delaguialuzon.com\/fr\/wp-json\/wp\/v2\/tags?post=2573"}],"curies":[{"name":"wp","href":"https:\/\/api.w.org\/{rel}","templated":true}]}}