{"id":3455,"date":"2024-04-15T13:31:06","date_gmt":"2024-04-15T11:31:06","guid":{"rendered":"https:\/\/delaguialuzon.com\/blog\/eliminacion-golden-visas-en-espana\/"},"modified":"2026-04-01T17:27:59","modified_gmt":"2026-04-01T15:27:59","slug":"suppression-golden-visas-espagne","status":"publish","type":"post","link":"https:\/\/delaguialuzon.com\/fr\/blog\/suppression-golden-visas-espagne\/","title":{"rendered":"La suppression du Golden Visa en Espagne : ce que vous devez savoir"},"content":{"rendered":"\t\t<div data-elementor-type=\"wp-post\" data-elementor-id=\"3455\" class=\"elementor elementor-3455 elementor-2485\" data-elementor-post-type=\"post\">\n\t\t\t\t<div class=\"elementor-element elementor-element-1b27fae7 e-flex e-con-boxed e-con e-parent\" data-id=\"1b27fae7\" data-element_type=\"container\" data-e-type=\"container\">\n\t\t\t\t\t<div class=\"e-con-inner\">\n\t\t\t\t<div class=\"elementor-element elementor-element-1c52874d elementor-widget elementor-widget-text-editor\" data-id=\"1c52874d\" data-element_type=\"widget\" data-e-type=\"widget\" data-widget_type=\"text-editor.default\">\n\t\t\t\t<div class=\"elementor-widget-container\">\n\t\t\t\t\t\t\t\t\t<div class=\"info-box\" style=\"background-color: #f5f5f5; padding: 20px; border-radius: 4px; border: 1px solid #ddd; margin: 20px 0;\">\n<h3>Les points cl\u00e9s<\/h3>\n<ul>\n<li><strong>Fin officielle du Golden Visa en avril 2025<\/strong><br \/>Le dispositif de r\u00e9sidence par investissement, lanc\u00e9 en 2013, est supprim\u00e9 afin de limiter la pression sur le march\u00e9 immobilier et r\u00e9pondre aux enjeux \u00e9conomiques et sociaux en Espagne.<\/li>\n<li><strong>Maintien des droits pour les b\u00e9n\u00e9ficiaires actuels<\/strong><br \/>Les titulaires d&rsquo;un Golden Visa conservent leur statut et peuvent le renouveler, sous r\u00e9serve de respecter les conditions d&rsquo;investissement initiales.<\/li>\n<li><strong>Plus aucun acc\u00e8s \u00e0 la r\u00e9sidence via l&rsquo;immobilier<\/strong><br \/>Depuis le 3 avril 2025, l&rsquo;achat d&rsquo;un bien immobilier, m\u00eame sup\u00e9rieur \u00e0 500 000 \u20ac, ne permet plus d&rsquo;obtenir un permis de s\u00e9jour en Espagne.<\/li>\n<li><strong>Des alternatives de r\u00e9sidence toujours disponibles<\/strong><br \/>Des solutions comme le visa non lucratif, le visa nomade num\u00e9rique, le visa entrepreneur ou le visa salari\u00e9 permettent toujours de s&rsquo;installer l\u00e9galement en Espagne selon votre profil.<\/li>\n<\/ul>\n<\/div>\n<h2 class=\"text-text-100 mt-2 -mb-1 text-base font-bold\">Qu&rsquo;\u00e9tait le Golden Visa espagnol ?<\/h2>\n<p class=\"font-claude-response-body break-words whitespace-normal leading-[1.7]\">Le <strong>Golden Visa<\/strong>, ou visa de r\u00e9sidence par investissement, a \u00e9t\u00e9 introduit en <strong>Espagne en 2013<\/strong>, initialement con\u00e7u pour attirer les <a href=\"https:\/\/delaguialuzon.com\/fr\/droit-des-etrangers\/\">investissements \u00e9trangers<\/a> dans un contexte de crise \u00e9conomique, en incitant \u00e0 l&rsquo;<strong>acquisition de biens immobiliers<\/strong> et d&rsquo;autres actifs tels que des titres de dette publique, des fonds d&rsquo;investissement ou des investissements dans des entreprises espagnoles ou des projets d&rsquo;int\u00e9r\u00eat g\u00e9n\u00e9ral.<\/p>\n<p class=\"font-claude-response-body break-words whitespace-normal leading-[1.7]\">Concr\u00e8tement, le programme permettait \u00e0 des <strong>non-r\u00e9sidents de l&rsquo;UE<\/strong> et \u00e0 leur famille d&rsquo;obtenir un visa d&rsquo;un an, puis un permis de r\u00e9sidence de 3 ans renouvelable, sous condition de maintenir leur investissement : <strong>500 000 \u20ac dans l&rsquo;immobilier<\/strong> (hors emprunt, imp\u00f4ts et taxes), la <a href=\"https:\/\/delaguialuzon.com\/fr\/blog\/monter-entreprise-espagne\/\">cr\u00e9ation d&rsquo;une entreprise<\/a> g\u00e9n\u00e9rant des emplois, ou encore un investissement d&rsquo;un million d&rsquo;euros en actions ou d\u00e9p\u00f4ts bancaires, voire de 2 millions en dette publique.<\/p>\n<p class=\"font-claude-response-body break-words whitespace-normal leading-[1.7]\">Les titulaires b\u00e9n\u00e9ficiaient du <strong>droit au travail<\/strong>, \u00e0 l&rsquo;<strong>\u00e9ducation<\/strong>, \u00e0 la <strong>sant\u00e9<\/strong>, \u00e0 la <strong>libre circulation<\/strong> dans l&rsquo;espace Schengen, ainsi que d&rsquo;un acc\u00e8s possible \u00e0 la r\u00e9sidence permanente puis \u00e0 la nationalit\u00e9.<\/p>\n<p class=\"font-claude-response-body break-words whitespace-normal leading-[1.7]\">Au total, 22 430 Golden Visas ont \u00e9t\u00e9 d\u00e9livr\u00e9s jusqu&rsquo;au d\u00e9but de l&rsquo;ann\u00e9e 2025.<\/p>\n<h2 class=\"text-text-100 mt-2 -mb-1 text-base font-bold\">Pourquoi a-t-il \u00e9t\u00e9 supprim\u00e9 ?<\/h2>\n<p class=\"font-claude-response-body break-words whitespace-normal leading-[1.7]\">Le gouvernement espagnol a confirm\u00e9 la <strong>suppression du Golden Visa le 3 avril 2025<\/strong>, consid\u00e9rant que le dispositif nourrissait la hausse des prix dans les zones tendues comme Madrid, Barcelone ou la Costa Blanca.<\/p>\n<p class=\"font-claude-response-body break-words whitespace-normal leading-[1.7]\">Port\u00e9e par la <strong>Loi organique 1\/2025<\/strong>, dite \u00ab Loi d&rsquo;Efficacit\u00e9 du service public de justice \u00bb, la r\u00e9forme annule l&rsquo;acc\u00e8s \u00e0 la r\u00e9sidence via l&rsquo;achat d&rsquo;un bien de 500 000 \u20ac.<\/p>\n<p class=\"font-claude-response-body break-words whitespace-normal leading-[1.7]\">Plusieurs autres raisons ont motiv\u00e9 cette d\u00e9cision :<\/p>\n<ul>\n<li class=\"font-claude-response-body break-words whitespace-normal leading-[1.7]\"><strong>Crise du logement<\/strong> : le dispositif alimentait la flamb\u00e9e des prix dans les grandes m\u00e9tropoles et zones c\u00f4ti\u00e8res<\/li>\n<li class=\"font-claude-response-body break-words whitespace-normal leading-[1.7]\"><strong>Alignement europ\u00e9en<\/strong> : volont\u00e9 de se conformer aux directives de l&rsquo;UE visant \u00e0 limiter la sp\u00e9culation financi\u00e8re<\/li>\n<li class=\"font-claude-response-body break-words whitespace-normal leading-[1.7]\"><strong>Risques financiers<\/strong> : dangers accrus de blanchiment d&rsquo;argent et d&rsquo;\u00e9vasion fiscale<\/li>\n<li class=\"font-claude-response-body break-words whitespace-normal leading-[1.7]\"><strong>S\u00e9curit\u00e9 Schengen<\/strong> : la libre circulation per\u00e7ue comme une faille s\u00e9curitaire<\/li>\n<li class=\"font-claude-response-body break-words whitespace-normal leading-[1.7]\"><strong>Financement illicite<\/strong> : crainte que le dispositif facilite indirectement le financement d&rsquo;organisations terroristes<\/li>\n<\/ul>\n<p class=\"font-claude-response-body break-words whitespace-normal leading-[1.7]\">Certains experts restent toutefois sceptiques quant \u00e0 l&rsquo;efficacit\u00e9 de cette mesure sur le march\u00e9 du logement, estimant que le probl\u00e8me de fond demeure le manque d&rsquo;offre immobili\u00e8re face \u00e0 une demande croissante.<\/p>\n<h2 class=\"text-text-100 mt-2 -mb-1 text-base font-bold\">Que se passe-t-il pour les personnes qui avaient d\u00e9j\u00e0 un Golden Visa ?<\/h2>\n<p class=\"font-claude-response-body break-words whitespace-normal leading-[1.7]\">La loi a pr\u00e9vu des dispositions transitoires claires.<\/p>\n<p class=\"font-claude-response-body break-words whitespace-normal leading-[1.7]\">Les <strong>titulaires actuels d&rsquo;un Golden Visa<\/strong> <strong>conservent leur statut migratoire<\/strong>, \u00e0 condition de respecter les crit\u00e8res \u00e9tablis lors de l&rsquo;octroi initial.<\/p>\n<p class=\"font-claude-response-body break-words whitespace-normal leading-[1.7]\">Le <strong>renouvellement des permis<\/strong> d\u00e9j\u00e0 accord\u00e9s reste possible, \u00e0 condition de maintenir les conditions d&rsquo;investissement d&rsquo;origine, par exemple, la propri\u00e9t\u00e9 des biens acquis ou les investissements financiers correspondants.<\/p>\n<p class=\"font-claude-response-body break-words whitespace-normal leading-[1.7]\">Les <strong>demandes de Golden Visa<\/strong> d\u00e9pos\u00e9es avant l&rsquo;entr\u00e9e en vigueur de la loi, c&rsquo;est-\u00e0-dire avant le 2 avril 2025, peuvent suivre le processus d&rsquo;obtention du visa ou de l&rsquo;autorisation conform\u00e9ment \u00e0 la l\u00e9gislation en vigueur au moment de la demande.<\/p>\n<p class=\"font-claude-response-body break-words whitespace-normal leading-[1.7]\">En revanche, tout <strong>compromis sign\u00e9 apr\u00e8s le 3 avril<\/strong> n&rsquo;ouvre plus droit \u00e0 un permis de r\u00e9sidence.<\/p>\n<p class=\"font-claude-response-body break-words whitespace-normal leading-[1.7]\">Les autorit\u00e9s pr\u00e9cisent qu&rsquo;aucune prorogation ni d\u00e9rogation n&rsquo;est envisag\u00e9e.<\/p>\n<p><img fetchpriority=\"high\" decoding=\"async\" class=\"aligncenter wp-image-22787 size-full\" src=\"https:\/\/delaguialuzon.com\/wp-content\/uploads\/2026\/04\/suppression-golden-visa-1.png\" alt=\"La suppression du Golden Visa\" width=\"528\" height=\"552\" srcset=\"https:\/\/delaguialuzon.com\/wp-content\/uploads\/2026\/04\/suppression-golden-visa-1.png 528w, https:\/\/delaguialuzon.com\/wp-content\/uploads\/2026\/04\/suppression-golden-visa-1-287x300.png 287w\" sizes=\"(max-width: 528px) 100vw, 528px\" \/><\/p>\n<p class=\"font-claude-response-body break-words whitespace-normal leading-[1.7]\">\u00a0<\/p>\n<h2 class=\"text-text-100 mt-2 -mb-1 text-base font-bold\">Quelles sont les alternatives au Golden Visa ?<\/h2>\n<p class=\"font-claude-response-body break-words whitespace-normal leading-[1.7]\">L&rsquo;Espagne propose plusieurs voies de r\u00e9sidence adapt\u00e9es \u00e0 diff\u00e9rents profils :<\/p>\n<table style=\"width: 100%; border-collapse: collapse;\">\n<thead>\n<tr>\n<th style=\"border: 1px solid #ddd; padding: 10px; text-align: left;\">Type de visa<\/th>\n<th style=\"border: 1px solid #ddd; padding: 10px; text-align: left;\">Profil concern\u00e9<\/th>\n<th style=\"border: 1px solid #ddd; padding: 10px; text-align: left;\">Conditions principales<\/th>\n<th style=\"border: 1px solid #ddd; padding: 10px; text-align: left;\">Avantages<\/th>\n<\/tr>\n<\/thead>\n<tbody>\n<tr>\n<td style=\"border: 1px solid #ddd; padding: 10px;\"><strong>Visa de r\u00e9sidence non lucrative (VNL)<\/strong><\/td>\n<td style=\"border: 1px solid #ddd; padding: 10px;\">Retrait\u00e9s, personnes avec revenus passifs<\/td>\n<td style=\"border: 1px solid #ddd; padding: 10px;\">Revenus \u2265 2 400 \u20ac\/mois<br \/>+ 7 200 \u20ac\/an\/personne \u00e0 charge<br \/>Assurance sant\u00e9 priv\u00e9e<br \/>R\u00e9sidence \u2265 183 jours\/an<\/td>\n<td style=\"border: 1px solid #ddd; padding: 10px;\">Pas d&rsquo;activit\u00e9 professionnelle requise<br \/>Renouvelable<br \/>Acc\u00e8s \u00e0 la r\u00e9sidence permanente apr\u00e8s 5 ans<\/td>\n<\/tr>\n<tr>\n<td style=\"border: 1px solid #ddd; padding: 10px;\"><strong>Visa nomade num\u00e9rique<\/strong><\/td>\n<td style=\"border: 1px solid #ddd; padding: 10px;\">Freelances, salari\u00e9s en remote<\/td>\n<td style=\"border: 1px solid #ddd; padding: 10px;\">Revenus \u2265 2 763 \u20ac\/mois<br \/>Entreprise active \u2265 1 an<br \/>Revenus espagnols \u2264 20 %<\/td>\n<td style=\"border: 1px solid #ddd; padding: 10px;\">Fiscalit\u00e9 avantageuse (Loi Beckham 24 %)<br \/>Flexibilit\u00e9 professionnelle<br \/>Id\u00e9al pour profils internationaux<\/td>\n<\/tr>\n<tr>\n<td style=\"border: 1px solid #ddd; padding: 10px;\"><strong>Visa entrepreneur<\/strong><\/td>\n<td style=\"border: 1px solid #ddd; padding: 10px;\">Cr\u00e9ateurs d&rsquo;entreprise, startups<\/td>\n<td style=\"border: 1px solid #ddd; padding: 10px;\">Business plan valid\u00e9 par ENISA<br \/>Capital estim\u00e9 : 50 000 \u20ac \u00e0 200 000 \u20ac<br \/>R\u00e9sidence \u2265 6 mois\/an<\/td>\n<td style=\"border: 1px solid #ddd; padding: 10px;\">Proc\u00e9dure rapide (3-4 semaines)<br \/>Ax\u00e9 innovation et cr\u00e9ation d&#8217;emplois<br \/>Acc\u00e8s au march\u00e9 espagnol<\/td>\n<\/tr>\n<tr>\n<td style=\"border: 1px solid #ddd; padding: 10px;\"><strong>Visa de travail salari\u00e9<\/strong><\/td>\n<td style=\"border: 1px solid #ddd; padding: 10px;\">Salari\u00e9s recrut\u00e9s par une entreprise espagnole<\/td>\n<td style=\"border: 1px solid #ddd; padding: 10px;\">Offre d&#8217;emploi pr\u00e9alable<br \/>Proc\u00e9dure initi\u00e9e par l&#8217;employeur<br \/>Autorisation de travail requise<\/td>\n<td style=\"border: 1px solid #ddd; padding: 10px;\">Acc\u00e8s direct au <a href=\"https:\/\/delaguialuzon.com\/fr\/blog\/droits-du-travail-des-etrangers-en-espagne\/\">march\u00e9 du travail<\/a><br \/>Cadre s\u00e9curis\u00e9<br \/>Int\u00e9gration professionnelle facilit\u00e9e<\/td>\n<\/tr>\n<\/tbody>\n<\/table>\n<h4 class=\"font-claude-response-body break-words whitespace-normal leading-[1.7]\"><strong>Le Visa de R\u00e9sidence Non Lucrative (VNL)<\/strong><\/h4>\n<p class=\"font-claude-response-body break-words whitespace-normal leading-[1.7]\">C&rsquo;est aujourd&rsquo;hui l&rsquo;alternative la plus populaire.<\/p>\n<p class=\"font-claude-response-body break-words whitespace-normal leading-[1.7]\">Il permet de <strong>r\u00e9sider en Espagne sans travailler<\/strong>, \u00e0 condition de d\u00e9montrer des ressources financi\u00e8res suffisantes : des <strong>revenus r\u00e9guliers<\/strong> d&rsquo;au moins 2 400 \u20ac par mois environ, et une <strong>assurance maladie priv\u00e9e<\/strong> en Espagne.<\/p>\n<p class=\"font-claude-response-body break-words whitespace-normal leading-[1.7]\">Un suppl\u00e9ment de 7 200 \u20ac par an est requis pour chaque personne \u00e0 charge.<\/p>\n<p class=\"font-claude-response-body break-words whitespace-normal leading-[1.7]\"><strong>En 2025<\/strong>, les titulaires doivent d\u00e9sormais r\u00e9sider en Espagne au moins <strong>183 jours par an<\/strong> pour conserver leur statut.<\/p>\n<p class=\"font-claude-response-body break-words whitespace-normal leading-[1.7]\">Ce visa est <strong>renouvelable<\/strong> et ouvre la voie \u00e0 la r\u00e9sidence permanente apr\u00e8s cinq ans.<\/p>\n<p class=\"font-claude-response-body break-words whitespace-normal leading-[1.7]\">Il est id\u00e9al pour les retrait\u00e9s ou toute personne vivant de revenus passifs (loyers, dividendes, pensions).<\/p>\n<h4 class=\"font-claude-response-body break-words whitespace-normal leading-[1.7]\"><strong>Le Visa Nomade Num\u00e9rique<\/strong><\/h4>\n<p class=\"font-claude-response-body break-words whitespace-normal leading-[1.7]\">Lanc\u00e9 <strong>en 2023<\/strong>, il est con\u00e7u pour les <a href=\"https:\/\/delaguialuzon.com\/fr\/blog\/tout-savoir-sur-le-teletravail-en-espagne\/\">professionnels travaillant \u00e0 distance<\/a> pour des employeurs ou clients \u00e9trangers, avec un revenu minimum de 2 763 \u20ac\/mois.<\/p>\n<p class=\"font-claude-response-body break-words whitespace-normal leading-[1.7]\">L&rsquo;entreprise doit \u00eatre op\u00e9rationnelle depuis au moins un an, et les revenus espagnols ne peuvent d\u00e9passer 20 % du total pour les freelances.<\/p>\n<p class=\"font-claude-response-body break-words whitespace-normal leading-[1.7]\">Un <strong>avantage fiscal<\/strong> non n\u00e9gligeable : les titulaires peuvent b\u00e9n\u00e9ficier de la Loi Beckham, avec un taux forfaitaire de 24 % sur les revenus jusqu&rsquo;\u00e0 600 000 \u20ac\/an pendant 4 \u00e0 6 ans.<\/p>\n<h4 class=\"font-claude-response-body break-words whitespace-normal leading-[1.7]\"><strong>Le Visa Entrepreneur<\/strong><\/h4>\n<p class=\"font-claude-response-body break-words whitespace-normal leading-[1.7]\">Ce visa met l&rsquo;accent sur <strong>l&rsquo;innovation et la cr\u00e9ation d&#8217;emplois<\/strong>.<\/p>\n<p class=\"font-claude-response-body break-words whitespace-normal leading-[1.7]\">Les demandeurs doivent disposer d&rsquo;un <strong>plan d&rsquo;affaires solide<\/strong>, \u00e9valu\u00e9 par l&rsquo;ENISA (Agence espagnole pour l&rsquo;innovation), avec un processus d&rsquo;examen r\u00e9duit \u00e0 trois ou quatre semaines.<\/p>\n<p class=\"font-claude-response-body break-words whitespace-normal leading-[1.7]\">Bien qu&rsquo;il n&rsquo;y ait pas d&rsquo;investissement minimum impos\u00e9, les demandeurs doivent g\u00e9n\u00e9ralement d\u00e9montrer l&rsquo;acc\u00e8s \u00e0 un capital de 50 000 \u00e0 200 000 \u20ac et r\u00e9sider en Espagne six mois par an.<\/p>\n<h4 class=\"font-claude-response-body break-words whitespace-normal leading-[1.7]\"><strong>Le Visa de Travail Salari\u00e9<\/strong><\/h4>\n<p class=\"font-claude-response-body break-words whitespace-normal leading-[1.7]\">Pour les personnes ayant re\u00e7u une <strong>offre d&#8217;emploi<\/strong> d&rsquo;un employeur espagnol.<\/p>\n<p class=\"font-claude-response-body break-words whitespace-normal leading-[1.7]\">La proc\u00e9dure est <strong>initi\u00e9e par l&#8217;employeur<\/strong> et n\u00e9cessite une autorisation d&rsquo;acc\u00e8s au march\u00e9 du travail.<\/p>\n<h2>Et pour les investisseurs immobiliers ?<\/h2>\n<p class=\"font-claude-response-body break-words whitespace-normal leading-[1.7]\">De nombreux <strong>acheteurs \u00e9trangers<\/strong> combinent d\u00e9sormais l&rsquo;achat de <a href=\"https:\/\/delaguialuzon.com\/fr\/droit-immobilier\/\">biens immobiliers<\/a> avec des <strong>visas alternatifs<\/strong> tels que le visa non lucratif ou le visa nomade num\u00e9rique, b\u00e9n\u00e9ficiant ainsi \u00e0 la fois de la r\u00e9sidence l\u00e9gale et des avantages li\u00e9s \u00e0 la propri\u00e9t\u00e9 en Espagne.<\/p>\n<p class=\"font-claude-response-body break-words whitespace-normal leading-[1.7]\">Il est important de rappeler qu&rsquo;<strong>acheter un bien immobilier<\/strong> en Espagne reste tout \u00e0 fait l\u00e9gal pour un <strong>non-r\u00e9sident<\/strong>, mais cet achat ne permet plus d&rsquo;obtenir automatiquement un permis de r\u00e9sidence.<\/p>\n<h2>Anticiper votre r\u00e9sidence en Espagne avec un accompagnement juridique sur mesure<\/h2>\n<p class=\"font-claude-response-body break-words whitespace-normal leading-[1.7]\">La suppression du <strong>Golden Visa<\/strong> en Espagne marque un <strong>tournant majeur<\/strong> dans la politique migratoire et immobili\u00e8re du pays.<\/p>\n<p class=\"font-claude-response-body break-words whitespace-normal leading-[1.7]\">Ce nouveau cadre oblige les investisseurs et expatri\u00e9s \u00e0 <strong>repenser leur strat\u00e9gie d&rsquo;installation<\/strong> en s&rsquo;orientant vers des solutions alternatives telles que le visa non lucratif, le visa nomade num\u00e9rique ou le visa entrepreneur.<\/p>\n<p class=\"font-claude-response-body break-words whitespace-normal leading-[1.7]\">Dans ce contexte, le cabinet <strong>Delagu\u00eda &amp; Luz\u00f3n<\/strong> accompagne ses clients de mani\u00e8re globale afin de <strong>s\u00e9curiser leur projet d&rsquo;installation<\/strong> en Espagne.<\/p>\n<p class=\"font-claude-response-body break-words whitespace-normal leading-[1.7]\">L&rsquo;\u00e9quipe <strong>analyse votre situation<\/strong> personnelle et professionnelle, <strong>identifie le dispositif de r\u00e9sidence<\/strong> le plus adapt\u00e9 \u00e0 votre profil et vous <strong>guide dans l&rsquo;ensemble des d\u00e9marches<\/strong> administratives et juridiques.<\/p>\n<p class=\"font-claude-response-body break-words whitespace-normal leading-[1.7]\">Le cabinet intervient \u00e9galement sur les <strong>aspects fiscaux et patrimoniaux<\/strong> afin d&rsquo;optimiser votre installation et d&rsquo;anticiper les implications \u00e0 long terme.<\/p>\n<p class=\"font-claude-response-body break-words whitespace-normal leading-[1.7]\">Cet accompagnement vous permet de prendre des <strong>d\u00e9cisions \u00e9clair\u00e9es<\/strong>, d&rsquo;<strong>\u00e9viter les erreurs co\u00fbteuses<\/strong> et de vous <strong>installer en Espagne<\/strong> dans un cadre conforme, structur\u00e9 et s\u00e9curis\u00e9.<\/p>\n<div class=\"cta-box\" style=\"background-color: #f5f5f5; padding: 20px; border-radius: 5px;\">\n<h2>Anticipez votre r\u00e9sidence en Espagne apr\u00e8s la fin du Golden Visa<\/h2>\n<p><a href=\"https:\/\/delaguialuzon.com\/fr\/contact\/\">Contactez Delagu\u00eda &amp; Luz\u00f3n<\/a> pour structurer votre projet de <strong>r\u00e9sidence en Espagne<\/strong>, identifier l&rsquo;alternative la plus adapt\u00e9e (visa non lucratif, nomade num\u00e9rique, entrepreneur) et s\u00e9curiser votre situation juridique, fiscale et patrimoniale dans un cadre r\u00e9glementaire en pleine \u00e9volution.<\/p>\n<ul>\n<li>Email : <a href=\"mailto:felix.delaguia@delaguialuzon.com\">felix.delaguia@delaguialuzon.com<\/a><\/li>\n<li>T\u00e9l\u00e9phone : <a href=\"tel:+34963741657\">+34 963 74 16 57<\/a><\/li>\n<\/ul>\n<\/div>\t\t\t\t\t\t\t\t<\/div>\n\t\t\t\t<\/div>\n\t\t\t\t\t<\/div>\n\t\t\t\t<\/div>\n\t\t<div class=\"elementor-element elementor-element-bbfb827 e-flex e-con-boxed e-con e-parent\" data-id=\"bbfb827\" data-element_type=\"container\" data-e-type=\"container\">\n\t\t\t\t\t<div class=\"e-con-inner\">\n\t\t\t\t\t<\/div>\n\t\t\t\t<\/div>\n\t\t\t\t<\/div>\n\t\t<style>\r\n.lwrp.link-whisper-related-posts{\r\n            \r\n            margin-top: 40px;\nmargin-bottom: 30px;\r\n        }\r\n        .lwrp .lwrp-title{\r\n            \r\n            \r\n        }.lwrp .lwrp-description{\r\n            \r\n            \r\n\r\n        }\r\n        .lwrp .lwrp-list-container{\r\n        }\r\n        .lwrp .lwrp-list-multi-container{\r\n            display: flex;\r\n        }\r\n        .lwrp .lwrp-list-double{\r\n            width: 48%;\r\n        }\r\n        .lwrp .lwrp-list-triple{\r\n            width: 32%;\r\n        }\r\n        .lwrp .lwrp-list-row-container{\r\n            display: flex;\r\n            justify-content: space-between;\r\n        }\r\n        .lwrp .lwrp-list-row-container .lwrp-list-item{\r\n            width: calc(16% - 20px);\r\n        }\r\n        .lwrp .lwrp-list-item:not(.lwrp-no-posts-message-item){\r\n            \r\n            max-width: 150px;list-style: none;\r\n        }\r\n        .lwrp .lwrp-list-item img{\r\n            max-width: 100%;\r\n            height: auto;\r\n            object-fit: cover;\r\n            aspect-ratio: 1 \/ 1;\r\n        }\r\n        .lwrp .lwrp-list-item.lwrp-empty-list-item{\r\n            background: initial !important;\r\n        }\r\n        .lwrp .lwrp-list-item .lwrp-list-link .lwrp-list-link-title-text,\r\n        .lwrp .lwrp-list-item .lwrp-list-no-posts-message{\r\n            \r\n            \r\n            \r\n            font-style: normal;\r\n        }@media screen and (max-width: 480px) {\r\n            .lwrp.link-whisper-related-posts{\r\n                \r\n                \r\n            }\r\n            .lwrp .lwrp-title{\r\n                \r\n                \r\n            }.lwrp .lwrp-description{\r\n                \r\n                \r\n            }\r\n            .lwrp .lwrp-list-multi-container{\r\n                flex-direction: column;\r\n            }\r\n            .lwrp .lwrp-list-multi-container ul.lwrp-list{\r\n                margin-top: 0px;\r\n                margin-bottom: 0px;\r\n                padding-top: 0px;\r\n                padding-bottom: 0px;\r\n            }\r\n            .lwrp .lwrp-list-double,\r\n            .lwrp .lwrp-list-triple{\r\n                width: 100%;\r\n            }\r\n            .lwrp .lwrp-list-row-container{\r\n                justify-content: initial;\r\n                flex-direction: column;\r\n            }\r\n            .lwrp .lwrp-list-row-container .lwrp-list-item{\r\n                width: 100%;\r\n            }\r\n            .lwrp .lwrp-list-item:not(.lwrp-no-posts-message-item){\r\n                \r\n                max-width: initial;\r\n            }\r\n            .lwrp .lwrp-list-item .lwrp-list-link .lwrp-list-link-title-text,\r\n            .lwrp .lwrp-list-item .lwrp-list-no-posts-message{\r\n                \r\n                \r\n                \r\n                \r\n            };\r\n        }<\/style>\r\n<div id=\"link-whisper-related-posts-widget\" class=\"link-whisper-related-posts lwrp\">\r\n    \r\n        <div class=\"lwrp-list-container\">\r\n                                <div class=\"lwrp-list lwrp-list-row-container lwrp-list-single-row\">\r\n                <div class=\"lwrp-list-item\"><a href=\"https:\/\/delaguialuzon.com\/fr\/blog\/bien-immobilier-non-loue-en-espagne\/\" class=\"lwrp-list-link\"><img width=\"480\" height=\"320\" src=\"https:\/\/delaguialuzon.com\/wp-content\/uploads\/2020\/03\/bien_immobilier_non_loue_en_Espagne.jpg\" class=\"attachment-480x480 size-480x480 wp-post-image\" alt=\"Propri\u00e9taires d&#039;un bien immobilier non lou\u00e9 en Espagne\" srcset=\"https:\/\/delaguialuzon.com\/wp-content\/uploads\/2020\/03\/bien_immobilier_non_loue_en_Espagne.jpg 950w, https:\/\/delaguialuzon.com\/wp-content\/uploads\/2020\/03\/bien_immobilier_non_loue_en_Espagne-300x200.jpg 300w, https:\/\/delaguialuzon.com\/wp-content\/uploads\/2020\/03\/bien_immobilier_non_loue_en_Espagne-768x513.jpg 768w\" sizes=\"(max-width: 480px) 100vw, 480px\" \/><br><span class=\"lwrp-list-link-title-text\">Propri\u00e9taires d&#8217;un bien immobilier non lou\u00e9 en Espagne<\/span><\/a><\/div><div class=\"lwrp-list-item\"><a href=\"https:\/\/delaguialuzon.com\/fr\/blog\/crowdfunding-immobilier-espagne\/\" class=\"lwrp-list-link\"><img width=\"480\" height=\"320\" src=\"https:\/\/delaguialuzon.com\/wp-content\/uploads\/2024\/06\/crowdfunding-immobilier.jpg\" class=\"attachment-480x480 size-480x480 wp-post-image\" alt=\"Le crowdfunding immobilier en Espagne\" srcset=\"https:\/\/delaguialuzon.com\/wp-content\/uploads\/2024\/06\/crowdfunding-immobilier.jpg 950w, https:\/\/delaguialuzon.com\/wp-content\/uploads\/2024\/06\/crowdfunding-immobilier-300x200.jpg 300w, https:\/\/delaguialuzon.com\/wp-content\/uploads\/2024\/06\/crowdfunding-immobilier-768x513.jpg 768w\" sizes=\"(max-width: 480px) 100vw, 480px\" \/><br><span class=\"lwrp-list-link-title-text\">Le crowdfunding immobilier en Espagne : une r\u00e9volution dans l&#8217;investissement<\/span><\/a><\/div><div class=\"lwrp-list-item\"><a href=\"https:\/\/delaguialuzon.com\/fr\/blog\/arret-de-la-cour-de-justice\/\" class=\"lwrp-list-link\"><img width=\"480\" height=\"320\" src=\"https:\/\/delaguialuzon.com\/wp-content\/uploads\/2022\/02\/union-europeenne.jpg\" class=\"attachment-480x480 size-480x480 wp-post-image\" alt=\"eu flags in brussel belgium\" srcset=\"https:\/\/delaguialuzon.com\/wp-content\/uploads\/2022\/02\/union-europeenne.jpg 950w, https:\/\/delaguialuzon.com\/wp-content\/uploads\/2022\/02\/union-europeenne-300x200.jpg 300w, https:\/\/delaguialuzon.com\/wp-content\/uploads\/2022\/02\/union-europeenne-768x512.jpg 768w\" sizes=\"(max-width: 480px) 100vw, 480px\" \/><br><span class=\"lwrp-list-link-title-text\">Arr\u00eat de la cour de justice de l\u2019Union europ\u00e9enne &#8211; r\u00e9gime de sanction<\/span><\/a><\/div><div class=\"lwrp-list-item\"><a href=\"https:\/\/delaguialuzon.com\/fr\/blog\/louer-a-valence\/\" class=\"lwrp-list-link\"><img width=\"480\" height=\"321\" src=\"https:\/\/delaguialuzon.com\/wp-content\/uploads\/2024\/03\/requisitos_alquilar_en_valencia-e1771246577283.jpg\" class=\"attachment-480x480 size-480x480 wp-post-image\" alt=\"louer \u00e0 Valence\" \/><br><span class=\"lwrp-list-link-title-text\">Les aspects juridiques li\u00e9s \u00e0 la location \u00e0 Valence<\/span><\/a><\/div><div class=\"lwrp-list-item\"><a href=\"https:\/\/delaguialuzon.com\/fr\/cabinet-avocats-betera\/\" class=\"lwrp-list-link\"><img width=\"480\" height=\"320\" src=\"https:\/\/delaguialuzon.com\/wp-content\/uploads\/2025\/02\/despacho-abogados-betera.jpg\" class=\"attachment-480x480 size-480x480 wp-post-image\" alt=\"Cabinet d&#039;avocats \u00e0 B\u00e9tera\" srcset=\"https:\/\/delaguialuzon.com\/wp-content\/uploads\/2025\/02\/despacho-abogados-betera.jpg 950w, https:\/\/delaguialuzon.com\/wp-content\/uploads\/2025\/02\/despacho-abogados-betera-300x200.jpg 300w, https:\/\/delaguialuzon.com\/wp-content\/uploads\/2025\/02\/despacho-abogados-betera-768x513.jpg 768w\" sizes=\"(max-width: 480px) 100vw, 480px\" \/><br><span class=\"lwrp-list-link-title-text\">Cabinet d&#8217;avocats \u00e0 B\u00e9tera<\/span><\/a><\/div><div class=\"lwrp-list-item\"><a href=\"https:\/\/delaguialuzon.com\/fr\/blog\/comment-trouver-un-bon-gestor-en-espagne\/\" class=\"lwrp-list-link\"><img width=\"480\" height=\"320\" src=\"https:\/\/delaguialuzon.com\/wp-content\/uploads\/2024\/05\/gestor-Espagne.jpg\" class=\"attachment-480x480 size-480x480 wp-post-image\" alt=\"trouver gestor en Espagne\" srcset=\"https:\/\/delaguialuzon.com\/wp-content\/uploads\/2024\/05\/gestor-Espagne.jpg 950w, https:\/\/delaguialuzon.com\/wp-content\/uploads\/2024\/05\/gestor-Espagne-300x200.jpg 300w, https:\/\/delaguialuzon.com\/wp-content\/uploads\/2024\/05\/gestor-Espagne-768x513.jpg 768w\" sizes=\"(max-width: 480px) 100vw, 480px\" \/><br><span class=\"lwrp-list-link-title-text\">Comment trouver un bon gestor\/comptable en Espagne?<\/span><\/a><\/div>                <\/div>\r\n                <\/div>\r\n<\/div>","protected":false},"excerpt":{"rendered":"<p>Le Golden Visa en Espagne a \u00e9t\u00e9 supprim\u00e9 en 2025, modifiant profond\u00e9ment les strat\u00e9gies d\u2019investissement et d\u2019expatriation. D\u00e9couvrez les alternatives pour obtenir la r\u00e9sidence et s\u00e9curiser votre projet.<\/p>\n","protected":false},"author":2,"featured_media":3448,"comment_status":"open","ping_status":"open","sticky":false,"template":"","format":"standard","meta":{"_mbp_gutenberg_autopost":false,"_joinchat":[],"footnotes":""},"categories":[40,85,32],"tags":[],"class_list":["post-3455","post","type-post","status-publish","format-standard","has-post-thumbnail","hentry","category-logement-et-urbanisme","category-immobilier","category-vivre-en-espagne"],"_links":{"self":[{"href":"https:\/\/delaguialuzon.com\/fr\/wp-json\/wp\/v2\/posts\/3455","targetHints":{"allow":["GET"]}}],"collection":[{"href":"https:\/\/delaguialuzon.com\/fr\/wp-json\/wp\/v2\/posts"}],"about":[{"href":"https:\/\/delaguialuzon.com\/fr\/wp-json\/wp\/v2\/types\/post"}],"author":[{"embeddable":true,"href":"https:\/\/delaguialuzon.com\/fr\/wp-json\/wp\/v2\/users\/2"}],"replies":[{"embeddable":true,"href":"https:\/\/delaguialuzon.com\/fr\/wp-json\/wp\/v2\/comments?post=3455"}],"version-history":[{"count":69,"href":"https:\/\/delaguialuzon.com\/fr\/wp-json\/wp\/v2\/posts\/3455\/revisions"}],"predecessor-version":[{"id":22803,"href":"https:\/\/delaguialuzon.com\/fr\/wp-json\/wp\/v2\/posts\/3455\/revisions\/22803"}],"wp:featuredmedia":[{"embeddable":true,"href":"https:\/\/delaguialuzon.com\/fr\/wp-json\/wp\/v2\/media\/3448"}],"wp:attachment":[{"href":"https:\/\/delaguialuzon.com\/fr\/wp-json\/wp\/v2\/media?parent=3455"}],"wp:term":[{"taxonomy":"category","embeddable":true,"href":"https:\/\/delaguialuzon.com\/fr\/wp-json\/wp\/v2\/categories?post=3455"},{"taxonomy":"post_tag","embeddable":true,"href":"https:\/\/delaguialuzon.com\/fr\/wp-json\/wp\/v2\/tags?post=3455"}],"curies":[{"name":"wp","href":"https:\/\/api.w.org\/{rel}","templated":true}]}}