{"id":4345,"date":"2021-12-03T17:22:00","date_gmt":"2021-12-03T16:22:00","guid":{"rendered":"https:\/\/delaguialuzon.com\/?p=4345"},"modified":"2026-04-23T16:21:03","modified_gmt":"2026-04-23T14:21:03","slug":"quels-sont-les-differents-types-dimpots-en-espagne","status":"publish","type":"post","link":"https:\/\/delaguialuzon.com\/fr\/blog\/differents-types-impots-espagne\/","title":{"rendered":"Quels sont les diff\u00e9rents types d\u2019imp\u00f4ts en Espagne ?"},"content":{"rendered":"\t\t<div data-elementor-type=\"wp-post\" data-elementor-id=\"4345\" class=\"elementor elementor-4345 elementor-3260\" data-elementor-post-type=\"post\">\n\t\t\t\t<div class=\"elementor-element elementor-element-7e6b641a e-flex e-con-boxed e-con e-parent\" data-id=\"7e6b641a\" data-element_type=\"container\" data-e-type=\"container\">\n\t\t\t\t\t<div class=\"e-con-inner\">\n\t\t\t\t<div class=\"elementor-element elementor-element-4228e9ae elementor-widget elementor-widget-text-editor\" data-id=\"4228e9ae\" data-element_type=\"widget\" data-e-type=\"widget\" data-widget_type=\"text-editor.default\">\n\t\t\t\t<div class=\"elementor-widget-container\">\n\t\t\t\t\t\t\t\t\t<div class=\"info-box\" style=\"background-color: #f5f5f5; padding: 20px; border-radius: 4px; border: 1px solid #ddd; margin: 20px 0;\">\n<h3>Les points cl\u00e9s<\/h3>\n<ul>\n<li><strong>Le syst\u00e8me fiscal espagnol<\/strong> repose sur une distinction claire entre imp\u00f4ts directs (revenus, patrimoine) et imp\u00f4ts indirects (consommation, transactions).<\/li>\n<li><strong>La notion de r\u00e9sidence fiscale en Espagne<\/strong> est d\u00e9terminante. Au-del\u00e0 de 183 jours ou en cas de centre d\u2019int\u00e9r\u00eats \u00e9conomiques, vous \u00eates impos\u00e9 sur vos revenus mondiaux.<\/li>\n<li><strong>La fiscalit\u00e9 varie selon les communaut\u00e9s autonomes<\/strong>, notamment pour l\u2019imp\u00f4t sur la fortune et les successions, ce qui cr\u00e9e des \u00e9carts significatifs entre r\u00e9gions.<\/li>\n<li><strong>L\u2019ensemble des obligations fiscales<\/strong> est centralis\u00e9 par l\u2019Agencia Tributaria, interlocuteur unique pour vos d\u00e9clarations et paiements.<\/li>\n<\/ul>\n<\/div>\n<h2>Les imp\u00f4ts en Espagne : guide complet par type d&rsquo;imposition<\/h2>\n<p>Le <strong>syst\u00e8me fiscal espagnol<\/strong> pr\u00e9sente des similitudes certaines avec le syst\u00e8me fran\u00e7ais, mais comporte ses propres sp\u00e9cificit\u00e9s.<\/p>\n<p>Que vous envisagiez de vous <strong>installer en Espagne<\/strong>, d&rsquo;y <strong>cr\u00e9er une entreprise<\/strong> ou simplement d&rsquo;y <a href=\"https:\/\/delaguialuzon.com\/fr\/blog\/suppression-golden-visas-espagne\/\">investir<\/a>, une connaissance de base du syst\u00e8me d&rsquo;imposition espagnol est indispensable.<\/p>\n<p>Cet article fait office de <strong>hub de r\u00e9f\u00e9rence<\/strong> : il pr\u00e9sente l&rsquo;ensemble des imp\u00f4ts applicables et renvoie vers nos articles d\u00e9di\u00e9s pour chacun d&rsquo;eux.<\/p>\n<h2>Qui est imposable en Espagne ?<\/h2>\n<p>Tous les citoyens pr\u00e9sents sur le territoire ne sont pas automatiquement contribuables.<\/p>\n<p>Pour \u00eatre soumis \u00e0 l<strong>&lsquo;imp\u00f4t espagnol<\/strong>, deux conditions doivent \u00eatre r\u00e9unies : d\u00e9passer un certain <strong>seuil de revenus minimum<\/strong>, et avoir le <strong>statut de r\u00e9sident fiscal<\/strong>.<\/p>\n<p>Ce statut est accord\u00e9 \u00e0 toute personne physique qui vit en Espagne <strong>plus de 183 jours par an<\/strong>, ou qui y concentre la majeure partie de ses<strong> activit\u00e9s \u00e9conomiques<\/strong>.<\/p>\n<p>Si vous \u00eates de <strong>nationalit\u00e9 fran\u00e7aise<\/strong> ou <strong>r\u00e9sident fiscal en France<\/strong>, sachez qu&rsquo;une <a href=\"https:\/\/www.impots.gouv.fr\/sites\/default\/files\/media\/10_conventions\/espagne\/espagne_convention-avec-l-espagne-impot-sur-le-revenu-impot-sur-la-fortune_fd_1824.pdf\" target=\"_blank\" rel=\"nofollow noopener\">convention bilat\u00e9rale entre la France et l&rsquo;Espagne<\/a> existe sp\u00e9cifiquement pour \u00e9viter les situations de double imposition.<\/p>\n<p>Enfin, c&rsquo;est l&rsquo;<a href=\"https:\/\/sede.agenciatributaria.gob.es\/\" target=\"_blank\" rel=\"nofollow noopener\">Agencia Tributaria<\/a> qui centralise l&rsquo;ensemble de la fiscalit\u00e9 espagnole.<\/p>\n<p>C&rsquo;est aupr\u00e8s de cet organisme que s&rsquo;effectuent les d\u00e9clarations et les paiements.<\/p>\n<div class=\"info-note\" style=\"border-left: 6px solid #768a7b; background: #fff; padding: 16px 18px; border-radius: 10px; margin: 18px 0;\">\n<p><strong style=\"display: block; font-size: 16px; margin-bottom: 6px; color: #768a7b;\">Important<\/strong><\/p>\n<p style=\"margin: 0; line-height: 1.5; color: #333;\">Les informations pr\u00e9sent\u00e9es ici d\u00e9crivent le syst\u00e8me fiscal espagnol dans sa globalit\u00e9. Chaque communaut\u00e9 autonome peut pr\u00e9senter des particularit\u00e9s. <br \/>Aux Canaries, par exemple, l&rsquo;IVA (TVA espagnole) est remplac\u00e9 par l&rsquo;IGIC (Impuesto General Indirecto Canario).<\/p>\n<\/div>\n<h2>Les imp\u00f4ts directs en Espagne<\/h2>\n<p>Un imp\u00f4t est dit direct lorsqu&rsquo;il est <strong>pay\u00e9 et support\u00e9 par la m\u00eame personne<\/strong>, sans interm\u00e9diaire.<\/p>\n<h3>IRPF : Imp\u00f4t sur le revenu des personnes physiques<\/h3>\n<p>L&rsquo;<a href=\"https:\/\/delaguialuzon.com\/fr\/blog\/assujetti-irpf-espagne\/\">IRPF<\/a> est l&rsquo;<strong>imp\u00f4t le plus important du syst\u00e8me fiscal<\/strong> espagnol.<\/p>\n<p>Il s&rsquo;applique \u00e0 l&rsquo;<strong>ensemble des <\/strong><a href=\"https:\/\/delaguialuzon.com\/fr\/blog\/impots-sur-le-revenu-en-espagne\/\">revenus per\u00e7us<\/a> par les r\u00e9sidents fiscaux au cours d&rsquo;une ann\u00e9e : salaires, loyers et revenus d&rsquo;activit\u00e9 ind\u00e9pendante.<\/p>\n<p>Il s&rsquo;agit d&rsquo;un <strong>imp\u00f4t progressif<\/strong> : plus les revenus sont \u00e9lev\u00e9s, plus le taux est important.<\/p>\n<p>La <strong>fourchette s&rsquo;\u00e9tend de 19 % \u00e0 45 %<\/strong>.<\/p>\n<p>L&rsquo;IRPF est <strong>pr\u00e9lev\u00e9 \u00e0 la source <\/strong>sur les salaires, mais une <strong>d\u00e9claration annuelle en ligne<\/strong> reste obligatoire pour r\u00e9gulariser le montant r\u00e9ellement d\u00fb.<\/p>\n<p>Selon le r\u00e9sultat, l&rsquo;\u00c9tat rembourse le trop-per\u00e7u ou r\u00e9clame un compl\u00e9ment.<\/p>\n<h3>IS : Imp\u00f4t sur les soci\u00e9t\u00e9s<\/h3>\n<p>L&rsquo;<a href=\"https:\/\/delaguialuzon.com\/fr\/blog\/reduction-dimpots-autonomos\/\">imp\u00f4t sur les soci\u00e9t\u00e9s<\/a> s&rsquo;applique \u00e0 toute entreprise ayant son <strong>si\u00e8ge social sur le territoire espagnol<\/strong>.<\/p>\n<p>Il est calcul\u00e9 sur les <strong>b\u00e9n\u00e9fices r\u00e9alis\u00e9s<\/strong>.<\/p>\n<p>Le <strong>taux g\u00e9n\u00e9ral est de 25 %<\/strong> depuis 2016, mais des taux r\u00e9duits de 20 %, 15 % ou 1 % s&rsquo;appliquent selon la nature et la situation de l&rsquo;entreprise.<\/p>\n<h3>IRNR : Imp\u00f4t sur le revenu des non-r\u00e9sidents<\/h3>\n<p>Les personnes qui <strong>ne r\u00e9sident pas fiscalement<\/strong> en Espagne mais qui y per\u00e7oivent des revenus (loyers, dividendes, plus-values\u2026) sont soumises \u00e0 l&rsquo;IRNR.<\/p>\n<p>Il concerne par exemple les <strong>propri\u00e9taires fran\u00e7ais d&rsquo;un bien immobilier<\/strong> en Espagne qui le mettent en <a href=\"https:\/\/delaguialuzon.com\/fr\/blog\/louer-a-valence\/\">location<\/a>.<\/p>\n<h3>IP : Imp\u00f4t sur la fortune<\/h3>\n<p>L&rsquo;<a href=\"https:\/\/delaguialuzon.com\/fr\/blog\/impot-sur-la-fortune-en-espagne\/\">imp\u00f4t sur la fortune<\/a> s&rsquo;applique aux <strong>patrimoines importants<\/strong>.<\/p>\n<p>Il est calcul\u00e9 sur la <strong>valeur totale des biens<\/strong> d&rsquo;une personne physique, avec un abattement g\u00e9n\u00e9ral de 700 000 euros et une exon\u00e9ration sp\u00e9cifique de 300 000 euros pour la r\u00e9sidence principale.<\/p>\n<p>Il s&rsquo;agit d&rsquo;un imp\u00f4t<strong> c\u00e9d\u00e9 aux communaut\u00e9s autonomes<\/strong>, ce qui entra\u00eene des diff\u00e9rences notables d&rsquo;une r\u00e9gion \u00e0 l&rsquo;autre.<\/p>\n<h3>ISD : Successions et donations<\/h3>\n<p>Cet imp\u00f4t s&rsquo;applique lors de toute <a href=\"https:\/\/delaguialuzon.com\/fr\/blog\/successions-donations-changements-valencia\/\">transmission de patrimoine<\/a> \u00e0 titre gratuit : la <b>donation <\/b>du vivant du donateur, et la <b>succession <\/b>apr\u00e8s son d\u00e9c\u00e8s.<\/p>\n<p>Comme l&rsquo;imp\u00f4t sur la fortune, il est <strong>d\u00e9volu aux communaut\u00e9s autonomes<\/strong>.<\/p>\n<p>Les r\u00e8gles et les abattements varient donc significativement selon la r\u00e9gion o\u00f9 r\u00e9side le b\u00e9n\u00e9ficiaire.<\/p>\n<h3>IBI : Taxe fonci\u00e8re<\/h3>\n<p>L&rsquo;IBI (Impuesto sobre Bienes Inmuebles) est un<strong> imp\u00f4t local<\/strong> d\u00fb par tout <strong>propri\u00e9taire d&rsquo;un bien immobilier<\/strong> en Espagne, qu&rsquo;il soit r\u00e9sident ou non.<\/p>\n<p>Il est calcul\u00e9 sur la <strong>valeur cadastrale du bien<\/strong> et per\u00e7u par la municipalit\u00e9.<\/p>\n<p>Son taux varie selon les communes.<\/p>\n<p><img fetchpriority=\"high\" decoding=\"async\" class=\"aligncenter wp-image-24188 size-full\" src=\"https:\/\/delaguialuzon.com\/wp-content\/uploads\/2026\/04\/Les-impots-directs-en-Espagne.png\" alt=\"Les imp\u00f4ts directs en Espagne\" width=\"813\" height=\"412\" srcset=\"https:\/\/delaguialuzon.com\/wp-content\/uploads\/2026\/04\/Les-impots-directs-en-Espagne.png 813w, https:\/\/delaguialuzon.com\/wp-content\/uploads\/2026\/04\/Les-impots-directs-en-Espagne-300x152.png 300w, https:\/\/delaguialuzon.com\/wp-content\/uploads\/2026\/04\/Les-impots-directs-en-Espagne-768x389.png 768w\" sizes=\"(max-width: 813px) 100vw, 813px\" \/><\/p>\n<h2>Les imp\u00f4ts indirects en Espagne<\/h2>\n<p>Les imp\u00f4ts indirects portent sur les transactions \u00e9conomiques et la consommation, et non directement sur les personnes ou leurs revenus.<\/p>\n<h3>IVA : Taxe sur la valeur ajout\u00e9e<\/h3>\n<p>L&rsquo;IVA est l&rsquo;\u00e9quivalent espagnol de la <a href=\"https:\/\/delaguialuzon.com\/fr\/blog\/tva-sur-les-locations-touristiques-en-espagne\/\">TVA fran\u00e7aise<\/a>.<\/p>\n<p>Il s&rsquo;applique \u00e0 la<strong> quasi-totalit\u00e9 des biens et services<\/strong>.<\/p>\n<p><b>Trois taux<\/b> coexistent :<\/p>\n<ul>\n<li><strong>21 %<\/strong> : taux standard, applicable par d\u00e9faut<\/li>\n<li><strong>10 %<\/strong> : taux r\u00e9duit, pour l&rsquo;alimentation g\u00e9n\u00e9rale, le secteur h\u00f4telier, les lunettes et lentilles<\/li>\n<li><strong>4 %<\/strong> : taux super-r\u00e9duit, pour les produits de premi\u00e8re n\u00e9cessit\u00e9 (pain, lait, fruits, l\u00e9gumes), les m\u00e9dicaments, les livres et journaux, ainsi que les v\u00e9hicules adapt\u00e9s aux personnes handicap\u00e9es.<\/li>\n<\/ul>\n<h3>ITP \/ AJD : Droits de mutation et droits de timbre<\/h3>\n<p>Cet imp\u00f4t se divise en <strong>trois cat\u00e9gories<\/strong>.<\/p>\n<p>Les <strong>droits de mutation<\/strong> s&rsquo;appliquent aux <strong>cessions \u00e0 titre on\u00e9reux<\/strong> de biens ou droits qui ne sont pas soumises \u00e0 l&rsquo;IVA (notamment l&rsquo;achat d&rsquo;un bien immobilier ancien entre particuliers).<\/p>\n<p>Les<strong> droits de timbre<\/strong> portent sur la <strong>formalisation de certains actes <\/strong>notari\u00e9s, commerciaux et administratifs.<\/p>\n<p>L&rsquo;<strong>imp\u00f4t sur les soci\u00e9t\u00e9s de personnes<\/strong> est pr\u00e9lev\u00e9 lors de la constitution ou de la dissolution de soci\u00e9t\u00e9s.<\/p>\n<p>Cet imp\u00f4t est \u00e9galement <strong>c\u00e9d\u00e9 aux communaut\u00e9s autonomes<\/strong>.<\/p>\n<h2>Un accompagnement sur mesure pour g\u00e9rer vos imp\u00f4ts en Espagne<\/h2>\n<p>Le<strong> syst\u00e8me fiscal espagnol<\/strong> repose sur une logique claire, entre imp\u00f4ts directs et indirects, mais son application varie selon votre statut, vos revenus et la r\u00e9gion dans laquelle vous \u00eates \u00e9tabli.<\/p>\n<p>Que vous soyez <strong>r\u00e9sident<\/strong>, <a href=\"https:\/\/delaguialuzon.com\/fr\/blog\/ouvrir-un-compte-en-banque-en-espagne\/\">non-r\u00e9sident<\/a>, <strong>investisseur<\/strong> ou <strong>entrepreneur<\/strong>, chaque situation implique des r\u00e8gles sp\u00e9cifiques, des obligations d\u00e9claratives et des marges d\u2019optimisation qu\u2019il est essentiel de ma\u00eetriser.<\/p>\n<p>Dans ce contexte, comprendre les m\u00e9canismes ne suffit pas.<\/p>\n<p>Vous devez les appliquer correctement pour <strong>\u00e9viter les erreurs<\/strong>, <strong>limiter les risques<\/strong> de contr\u00f4le et <strong>structurer efficacement<\/strong> votre <a href=\"https:\/\/delaguialuzon.com\/fr\/blog\/la-fiscalite-espagnole-tout-savoir-avant-de-s-expatrier\/\">fiscalit\u00e9<\/a>, notamment en cas de lien avec un autre pays comme la France.<\/p>\n<p>Un cabinet d\u2019avocats comme <strong>Delagu\u00eda &amp; Luz\u00f3n<\/strong> vous apporte cette s\u00e9curit\u00e9, en analysant votre situation dans sa globalit\u00e9 et en vous proposant une<strong> strat\u00e9gie fiscale claire<\/strong>, <strong>conforme<\/strong> et <strong>adapt\u00e9e<\/strong> \u00e0 vos objectifs en Espagne.<\/p>\n<div class=\"cta-box\" style=\"background-color: #f5f5f5; padding: 25px; border-radius: 8px; margin-top: 30px;\">\n<h2>Optimisez et s\u00e9curisez vos imp\u00f4ts en Espagne avec un accompagnement juridique<\/h2>\n<p>La fiscalit\u00e9 espagnole peut rapidement devenir complexe selon votre situation.<br \/>R\u00e9sidence fiscale, <strong>IRPF<\/strong>, <strong>IRNR<\/strong>, patrimoine, revenus \u00e9trangers ou investissements immobiliers.<br \/>Chaque d\u00e9cision a un impact direct sur votre imposition et vos obligations d\u00e9claratives.<\/p>\n<p><a href=\"https:\/\/delaguialuzon.com\/fr\/contact\/\">Contactez Delagu\u00eda &amp; Luz\u00f3n<\/a> pour b\u00e9n\u00e9ficier d\u2019un accompagnement personnalis\u00e9.<br \/>Nous analysons votre situation, s\u00e9curisons vos d\u00e9clarations aupr\u00e8s de l\u2019<strong>Agencia Tributaria<\/strong> et optimisons votre fiscalit\u00e9 en Espagne.<\/p>\n<ul>\n<li>Email : <a href=\"mailto:felix.delaguia@delaguialuzon.com\">felix.delaguia@delaguialuzon.com<\/a><\/li>\n<li>T\u00e9l\u00e9phone : <a href=\"tel:+34963741657\">+34 963 74 16 57<\/a><\/li>\n<li>Adresse : Avinguda Regne de Valencia, 6, 1\u00ba &#8211; 2\u00ba, 46005 Valencia, Espagne<\/li>\n<\/ul>\n<\/div>\t\t\t\t\t\t\t\t<\/div>\n\t\t\t\t<\/div>\n\t\t\t\t\t<\/div>\n\t\t\t\t<\/div>\n\t\t<div class=\"elementor-element elementor-element-45c9bd4 e-flex e-con-boxed e-con e-parent\" data-id=\"45c9bd4\" data-element_type=\"container\" data-e-type=\"container\">\n\t\t\t\t\t<div class=\"e-con-inner\">\n\t\t\t\t<div class=\"elementor-element elementor-element-4129cbc elementor-widget elementor-widget-n-accordion\" data-id=\"4129cbc\" data-element_type=\"widget\" data-e-type=\"widget\" data-settings=\"{&quot;default_state&quot;:&quot;expanded&quot;,&quot;max_items_expended&quot;:&quot;one&quot;,&quot;n_accordion_animation_duration&quot;:{&quot;unit&quot;:&quot;ms&quot;,&quot;size&quot;:400,&quot;sizes&quot;:[]}}\" data-widget_type=\"nested-accordion.default\">\n\t\t\t\t<div class=\"elementor-widget-container\">\n\t\t\t\t\t\t\t<div class=\"e-n-accordion\" aria-label=\"Accordion. Open links with Enter or Space, close with Escape, and navigate with Arrow Keys\">\n\t\t\t\t\t\t<details id=\"e-n-accordion-item-6830\" class=\"e-n-accordion-item\" open>\n\t\t\t\t<summary class=\"e-n-accordion-item-title\" data-accordion-index=\"1\" tabindex=\"0\" aria-expanded=\"true\" aria-controls=\"e-n-accordion-item-6830\" >\n\t\t\t\t\t<span class='e-n-accordion-item-title-header'><div class=\"e-n-accordion-item-title-text\"> En tant que Fran\u00e7ais vivant en Espagne, dois-je encore d\u00e9clarer mes imp\u00f4ts en France ? <\/div><\/span>\n\t\t\t\t\t\t\t<span class='e-n-accordion-item-title-icon'>\n\t\t\t<span class='e-opened' ><svg aria-hidden=\"true\" class=\"e-font-icon-svg e-fas-minus\" viewBox=\"0 0 448 512\" xmlns=\"http:\/\/www.w3.org\/2000\/svg\"><path d=\"M416 208H32c-17.67 0-32 14.33-32 32v32c0 17.67 14.33 32 32 32h384c17.67 0 32-14.33 32-32v-32c0-17.67-14.33-32-32-32z\"><\/path><\/svg><\/span>\n\t\t\t<span class='e-closed'><svg aria-hidden=\"true\" class=\"e-font-icon-svg e-fas-plus\" viewBox=\"0 0 448 512\" xmlns=\"http:\/\/www.w3.org\/2000\/svg\"><path d=\"M416 208H272V64c0-17.67-14.33-32-32-32h-32c-17.67 0-32 14.33-32 32v144H32c-17.67 0-32 14.33-32 32v32c0 17.67 14.33 32 32 32h144v144c0 17.67 14.33 32 32 32h32c17.67 0 32-14.33 32-32V304h144c17.67 0 32-14.33 32-32v-32c0-17.67-14.33-32-32-32z\"><\/path><\/svg><\/span>\n\t\t<\/span>\n\n\t\t\t\t\t\t<\/summary>\n\t\t\t\t<div role=\"region\" aria-labelledby=\"e-n-accordion-item-6830\" class=\"elementor-element elementor-element-b3ddaf3 e-con-full e-flex e-con e-child\" data-id=\"b3ddaf3\" data-element_type=\"container\" data-e-type=\"container\">\n\t\t\t\t<div class=\"elementor-element elementor-element-c8fd5d9 elementor-widget elementor-widget-text-editor\" data-id=\"c8fd5d9\" data-element_type=\"widget\" data-e-type=\"widget\" data-widget_type=\"text-editor.default\">\n\t\t\t\t<div class=\"elementor-widget-container\">\n\t\t\t\t\t\t\t\t\t<p>Cela d\u00e9pend de votre situation. Si vous avez transf\u00e9r\u00e9 votre r\u00e9sidence fiscale en Espagne (plus de 183 jours par an sur le territoire espagnol), vous n&rsquo;\u00eates en principe plus imposable en France sur vos revenus courants. La convention bilat\u00e9rale franco-espagnole a pr\u00e9cis\u00e9ment pour objet d&rsquo;\u00e9viter que vous soyez tax\u00e9 deux fois sur les m\u00eames revenus. Certains cas restent n\u00e9anmoins complexes, notamment si vous conservez des biens immobiliers ou des revenus de source fran\u00e7aise.<\/p>\t\t\t\t\t\t\t\t<\/div>\n\t\t\t\t<\/div>\n\t\t\t\t<\/div>\n\t\t\t\t\t<\/details>\n\t\t\t\t\t\t<details id=\"e-n-accordion-item-6831\" class=\"e-n-accordion-item\" >\n\t\t\t\t<summary class=\"e-n-accordion-item-title\" data-accordion-index=\"2\" tabindex=\"-1\" aria-expanded=\"false\" aria-controls=\"e-n-accordion-item-6831\" >\n\t\t\t\t\t<span class='e-n-accordion-item-title-header'><div class=\"e-n-accordion-item-title-text\"> Je suis propri\u00e9taire d'un appartement en Espagne mais je vis en France. Quels imp\u00f4ts dois-je payer ? <\/div><\/span>\n\t\t\t\t\t\t\t<span class='e-n-accordion-item-title-icon'>\n\t\t\t<span class='e-opened' ><svg aria-hidden=\"true\" class=\"e-font-icon-svg e-fas-minus\" viewBox=\"0 0 448 512\" xmlns=\"http:\/\/www.w3.org\/2000\/svg\"><path d=\"M416 208H32c-17.67 0-32 14.33-32 32v32c0 17.67 14.33 32 32 32h384c17.67 0 32-14.33 32-32v-32c0-17.67-14.33-32-32-32z\"><\/path><\/svg><\/span>\n\t\t\t<span class='e-closed'><svg aria-hidden=\"true\" class=\"e-font-icon-svg e-fas-plus\" viewBox=\"0 0 448 512\" xmlns=\"http:\/\/www.w3.org\/2000\/svg\"><path d=\"M416 208H272V64c0-17.67-14.33-32-32-32h-32c-17.67 0-32 14.33-32 32v144H32c-17.67 0-32 14.33-32 32v32c0 17.67 14.33 32 32 32h144v144c0 17.67 14.33 32 32 32h32c17.67 0 32-14.33 32-32V304h144c17.67 0 32-14.33 32-32v-32c0-17.67-14.33-32-32-32z\"><\/path><\/svg><\/span>\n\t\t<\/span>\n\n\t\t\t\t\t\t<\/summary>\n\t\t\t\t<div role=\"region\" aria-labelledby=\"e-n-accordion-item-6831\" class=\"elementor-element elementor-element-9885f35 e-con-full e-flex e-con e-child\" data-id=\"9885f35\" data-element_type=\"container\" data-e-type=\"container\">\n\t\t\t\t<div class=\"elementor-element elementor-element-b0703e2 elementor-widget elementor-widget-text-editor\" data-id=\"b0703e2\" data-element_type=\"widget\" data-e-type=\"widget\" data-widget_type=\"text-editor.default\">\n\t\t\t\t<div class=\"elementor-widget-container\">\n\t\t\t\t\t\t\t\t\t<p>En tant que non-r\u00e9sident, vous \u00eates soumis \u00e0 l&rsquo;IRNR sur les revenus g\u00e9n\u00e9r\u00e9s en Espagne, qu&rsquo;il s&rsquo;agisse de loyers per\u00e7us ou m\u00eame d&rsquo;une valeur locative imput\u00e9e si le bien reste vacant. Vous devez \u00e9galement vous acquitter de l&rsquo;IBI (taxe fonci\u00e8re) chaque ann\u00e9e aupr\u00e8s de la municipalit\u00e9 concern\u00e9e, ind\u00e9pendamment de votre statut de r\u00e9sident.<\/p>\t\t\t\t\t\t\t\t<\/div>\n\t\t\t\t<\/div>\n\t\t\t\t<\/div>\n\t\t\t\t\t<\/details>\n\t\t\t\t\t\t<details id=\"e-n-accordion-item-6832\" class=\"e-n-accordion-item\" >\n\t\t\t\t<summary class=\"e-n-accordion-item-title\" data-accordion-index=\"3\" tabindex=\"-1\" aria-expanded=\"false\" aria-controls=\"e-n-accordion-item-6832\" >\n\t\t\t\t\t<span class='e-n-accordion-item-title-header'><div class=\"e-n-accordion-item-title-text\"> \u00c0 partir de quel salaire paie-t-on l'IRPF en Espagne ? <\/div><\/span>\n\t\t\t\t\t\t\t<span class='e-n-accordion-item-title-icon'>\n\t\t\t<span class='e-opened' ><svg aria-hidden=\"true\" class=\"e-font-icon-svg e-fas-minus\" viewBox=\"0 0 448 512\" xmlns=\"http:\/\/www.w3.org\/2000\/svg\"><path d=\"M416 208H32c-17.67 0-32 14.33-32 32v32c0 17.67 14.33 32 32 32h384c17.67 0 32-14.33 32-32v-32c0-17.67-14.33-32-32-32z\"><\/path><\/svg><\/span>\n\t\t\t<span class='e-closed'><svg aria-hidden=\"true\" class=\"e-font-icon-svg e-fas-plus\" viewBox=\"0 0 448 512\" xmlns=\"http:\/\/www.w3.org\/2000\/svg\"><path d=\"M416 208H272V64c0-17.67-14.33-32-32-32h-32c-17.67 0-32 14.33-32 32v144H32c-17.67 0-32 14.33-32 32v32c0 17.67 14.33 32 32 32h144v144c0 17.67 14.33 32 32 32h32c17.67 0 32-14.33 32-32V304h144c17.67 0 32-14.33 32-32v-32c0-17.67-14.33-32-32-32z\"><\/path><\/svg><\/span>\n\t\t<\/span>\n\n\t\t\t\t\t\t<\/summary>\n\t\t\t\t<div role=\"region\" aria-labelledby=\"e-n-accordion-item-6832\" class=\"elementor-element elementor-element-0bb925d e-con-full e-flex e-con e-child\" data-id=\"0bb925d\" data-element_type=\"container\" data-e-type=\"container\">\n\t\t\t\t<div class=\"elementor-element elementor-element-aeef5b3 elementor-widget elementor-widget-text-editor\" data-id=\"aeef5b3\" data-element_type=\"widget\" data-e-type=\"widget\" data-widget_type=\"text-editor.default\">\n\t\t\t\t<div class=\"elementor-widget-container\">\n\t\t\t\t\t\t\t\t\t<p>Il existe un seuil minimum en dessous duquel l&rsquo;IRPF n&rsquo;est pas d\u00fb. En r\u00e8gle g\u00e9n\u00e9rale, les revenus inf\u00e9rieurs \u00e0 22 000 \u20ac bruts annuels provenant d&rsquo;un seul employeur sont exon\u00e9r\u00e9s de d\u00e9claration. Ce seuil descend \u00e0 15 000 \u20ac en cas de pluralit\u00e9 d&#8217;employeurs. Ces montants peuvent \u00e9voluer chaque ann\u00e9e et varier selon la communaut\u00e9 autonome, il est donc conseill\u00e9 de v\u00e9rifier la situation au moment de votre installation.<\/p>\t\t\t\t\t\t\t\t<\/div>\n\t\t\t\t<\/div>\n\t\t\t\t<\/div>\n\t\t\t\t\t<\/details>\n\t\t\t\t\t\t<details id=\"e-n-accordion-item-6833\" class=\"e-n-accordion-item\" >\n\t\t\t\t<summary class=\"e-n-accordion-item-title\" data-accordion-index=\"4\" tabindex=\"-1\" aria-expanded=\"false\" aria-controls=\"e-n-accordion-item-6833\" >\n\t\t\t\t\t<span class='e-n-accordion-item-title-header'><div class=\"e-n-accordion-item-title-text\"> L'imp\u00f4t sur les soci\u00e9t\u00e9s est-il le m\u00eame partout en Espagne ? <\/div><\/span>\n\t\t\t\t\t\t\t<span class='e-n-accordion-item-title-icon'>\n\t\t\t<span class='e-opened' ><svg aria-hidden=\"true\" class=\"e-font-icon-svg e-fas-minus\" viewBox=\"0 0 448 512\" xmlns=\"http:\/\/www.w3.org\/2000\/svg\"><path d=\"M416 208H32c-17.67 0-32 14.33-32 32v32c0 17.67 14.33 32 32 32h384c17.67 0 32-14.33 32-32v-32c0-17.67-14.33-32-32-32z\"><\/path><\/svg><\/span>\n\t\t\t<span class='e-closed'><svg aria-hidden=\"true\" class=\"e-font-icon-svg e-fas-plus\" viewBox=\"0 0 448 512\" xmlns=\"http:\/\/www.w3.org\/2000\/svg\"><path d=\"M416 208H272V64c0-17.67-14.33-32-32-32h-32c-17.67 0-32 14.33-32 32v144H32c-17.67 0-32 14.33-32 32v32c0 17.67 14.33 32 32 32h144v144c0 17.67 14.33 32 32 32h32c17.67 0 32-14.33 32-32V304h144c17.67 0 32-14.33 32-32v-32c0-17.67-14.33-32-32-32z\"><\/path><\/svg><\/span>\n\t\t<\/span>\n\n\t\t\t\t\t\t<\/summary>\n\t\t\t\t<div role=\"region\" aria-labelledby=\"e-n-accordion-item-6833\" class=\"elementor-element elementor-element-e6cd67b e-flex e-con-boxed e-con e-child\" data-id=\"e6cd67b\" data-element_type=\"container\" data-e-type=\"container\">\n\t\t\t\t\t<div class=\"e-con-inner\">\n\t\t\t\t<div class=\"elementor-element elementor-element-7cc0654 elementor-widget elementor-widget-text-editor\" data-id=\"7cc0654\" data-element_type=\"widget\" data-e-type=\"widget\" data-widget_type=\"text-editor.default\">\n\t\t\t\t<div class=\"elementor-widget-container\">\n\t\t\t\t\t\t\t\t\t<p>Le taux g\u00e9n\u00e9ral de 25 % s&rsquo;applique sur l&rsquo;ensemble du territoire espagnol pour les soci\u00e9t\u00e9s de droit commun. Des taux r\u00e9duits existent pour certaines structures : 15 % pour les nouvelles entreprises durant leurs deux premiers exercices b\u00e9n\u00e9ficiaires, ou 1 % pour certains fonds d&rsquo;investissement. En revanche, les Pays basques et la Navarre disposent d&rsquo;un r\u00e9gime fiscal propre (r\u00e9gime foral) avec des r\u00e8gles sp\u00e9cifiques, y compris pour l&rsquo;imp\u00f4t sur les soci\u00e9t\u00e9s.<\/p>\t\t\t\t\t\t\t\t<\/div>\n\t\t\t\t<\/div>\n\t\t\t\t\t<\/div>\n\t\t\t\t<\/div>\n\t\t\t\t\t<\/details>\n\t\t\t\t\t\t<details id=\"e-n-accordion-item-6834\" class=\"e-n-accordion-item\" >\n\t\t\t\t<summary class=\"e-n-accordion-item-title\" data-accordion-index=\"5\" tabindex=\"-1\" aria-expanded=\"false\" aria-controls=\"e-n-accordion-item-6834\" >\n\t\t\t\t\t<span class='e-n-accordion-item-title-header'><div class=\"e-n-accordion-item-title-text\"> Les droits de succession sont-ils \u00e9lev\u00e9s en Espagne ? <\/div><\/span>\n\t\t\t\t\t\t\t<span class='e-n-accordion-item-title-icon'>\n\t\t\t<span class='e-opened' ><svg aria-hidden=\"true\" class=\"e-font-icon-svg e-fas-minus\" viewBox=\"0 0 448 512\" xmlns=\"http:\/\/www.w3.org\/2000\/svg\"><path d=\"M416 208H32c-17.67 0-32 14.33-32 32v32c0 17.67 14.33 32 32 32h384c17.67 0 32-14.33 32-32v-32c0-17.67-14.33-32-32-32z\"><\/path><\/svg><\/span>\n\t\t\t<span class='e-closed'><svg aria-hidden=\"true\" class=\"e-font-icon-svg e-fas-plus\" viewBox=\"0 0 448 512\" xmlns=\"http:\/\/www.w3.org\/2000\/svg\"><path d=\"M416 208H272V64c0-17.67-14.33-32-32-32h-32c-17.67 0-32 14.33-32 32v144H32c-17.67 0-32 14.33-32 32v32c0 17.67 14.33 32 32 32h144v144c0 17.67 14.33 32 32 32h32c17.67 0 32-14.33 32-32V304h144c17.67 0 32-14.33 32-32v-32c0-17.67-14.33-32-32-32z\"><\/path><\/svg><\/span>\n\t\t<\/span>\n\n\t\t\t\t\t\t<\/summary>\n\t\t\t\t<div role=\"region\" aria-labelledby=\"e-n-accordion-item-6834\" class=\"elementor-element elementor-element-aca75bb e-flex e-con-boxed e-con e-child\" data-id=\"aca75bb\" data-element_type=\"container\" data-e-type=\"container\">\n\t\t\t\t\t<div class=\"e-con-inner\">\n\t\t\t\t<div class=\"elementor-element elementor-element-4f0999c elementor-widget elementor-widget-text-editor\" data-id=\"4f0999c\" data-element_type=\"widget\" data-e-type=\"widget\" data-widget_type=\"text-editor.default\">\n\t\t\t\t<div class=\"elementor-widget-container\">\n\t\t\t\t\t\t\t\t\t<p>Cela d\u00e9pend fortement de la communaut\u00e9 autonome o\u00f9 r\u00e9side le b\u00e9n\u00e9ficiaire, car cet imp\u00f4t est d\u00e9centralis\u00e9. Certaines r\u00e9gions, comme Madrid ou les Canaries, appliquent des abattements tr\u00e8s importants qui rendent la charge fiscale quasi nulle entre parents et enfants. D&rsquo;autres communaut\u00e9s sont bien plus imposantes. Il est donc essentiel d&rsquo;anticiper ce point, notamment si vous d\u00e9tenez un patrimoine significatif en Espagne.<\/p>\t\t\t\t\t\t\t\t<\/div>\n\t\t\t\t<\/div>\n\t\t\t\t\t<\/div>\n\t\t\t\t<\/div>\n\t\t\t\t\t<\/details>\n\t\t\t\t\t\t<details id=\"e-n-accordion-item-6835\" class=\"e-n-accordion-item\" >\n\t\t\t\t<summary class=\"e-n-accordion-item-title\" data-accordion-index=\"6\" tabindex=\"-1\" aria-expanded=\"false\" aria-controls=\"e-n-accordion-item-6835\" >\n\t\t\t\t\t<span class='e-n-accordion-item-title-header'><div class=\"e-n-accordion-item-title-text\"> Qu'est-ce que l'imp\u00f4t sur la fortune concerne concr\u00e8tement ? Un expatri\u00e9 fran\u00e7ais est-il concern\u00e9 ? <\/div><\/span>\n\t\t\t\t\t\t\t<span class='e-n-accordion-item-title-icon'>\n\t\t\t<span class='e-opened' ><svg aria-hidden=\"true\" class=\"e-font-icon-svg e-fas-minus\" viewBox=\"0 0 448 512\" xmlns=\"http:\/\/www.w3.org\/2000\/svg\"><path d=\"M416 208H32c-17.67 0-32 14.33-32 32v32c0 17.67 14.33 32 32 32h384c17.67 0 32-14.33 32-32v-32c0-17.67-14.33-32-32-32z\"><\/path><\/svg><\/span>\n\t\t\t<span class='e-closed'><svg aria-hidden=\"true\" class=\"e-font-icon-svg e-fas-plus\" viewBox=\"0 0 448 512\" xmlns=\"http:\/\/www.w3.org\/2000\/svg\"><path d=\"M416 208H272V64c0-17.67-14.33-32-32-32h-32c-17.67 0-32 14.33-32 32v144H32c-17.67 0-32 14.33-32 32v32c0 17.67 14.33 32 32 32h144v144c0 17.67 14.33 32 32 32h32c17.67 0 32-14.33 32-32V304h144c17.67 0 32-14.33 32-32v-32c0-17.67-14.33-32-32-32z\"><\/path><\/svg><\/span>\n\t\t<\/span>\n\n\t\t\t\t\t\t<\/summary>\n\t\t\t\t<div role=\"region\" aria-labelledby=\"e-n-accordion-item-6835\" class=\"elementor-element elementor-element-ea50516 e-flex e-con-boxed e-con e-child\" data-id=\"ea50516\" data-element_type=\"container\" data-e-type=\"container\">\n\t\t\t\t\t<div class=\"e-con-inner\">\n\t\t\t\t<div class=\"elementor-element elementor-element-0d7c54a elementor-widget elementor-widget-text-editor\" data-id=\"0d7c54a\" data-element_type=\"widget\" data-e-type=\"widget\" data-widget_type=\"text-editor.default\">\n\t\t\t\t<div class=\"elementor-widget-container\">\n\t\t\t\t\t\t\t\t\t<p>L&rsquo;imp\u00f4t sur la fortune (IP) frappe la valeur nette totale du patrimoine d&rsquo;une personne physique au 31 d\u00e9cembre de chaque ann\u00e9e. Pour les r\u00e9sidents fiscaux espagnols, il porte sur le patrimoine mondial. Pour les non-r\u00e9sidents, il ne s&rsquo;applique qu&rsquo;aux biens situ\u00e9s en Espagne. L&rsquo;abattement g\u00e9n\u00e9ral est de 700 000 \u20ac, auquel s&rsquo;ajoute une exon\u00e9ration de 300 000 \u20ac pour la r\u00e9sidence principale. Un expatri\u00e9 fran\u00e7ais disposant d&rsquo;un patrimoine immobilier ou financier cons\u00e9quent en Espagne peut donc \u00eatre concern\u00e9, m\u00eame sans y r\u00e9sider.<\/p>\t\t\t\t\t\t\t\t<\/div>\n\t\t\t\t<\/div>\n\t\t\t\t\t<\/div>\n\t\t\t\t<\/div>\n\t\t\t\t\t<\/details>\n\t\t\t\t\t\t<details id=\"e-n-accordion-item-6836\" class=\"e-n-accordion-item\" >\n\t\t\t\t<summary class=\"e-n-accordion-item-title\" data-accordion-index=\"7\" tabindex=\"-1\" aria-expanded=\"false\" aria-controls=\"e-n-accordion-item-6836\" >\n\t\t\t\t\t<span class='e-n-accordion-item-title-header'><div class=\"e-n-accordion-item-title-text\"> Quelle est la diff\u00e9rence entre l'IVA et l'IVA aux Canaries ? <\/div><\/span>\n\t\t\t\t\t\t\t<span class='e-n-accordion-item-title-icon'>\n\t\t\t<span class='e-opened' ><svg aria-hidden=\"true\" class=\"e-font-icon-svg e-fas-minus\" viewBox=\"0 0 448 512\" xmlns=\"http:\/\/www.w3.org\/2000\/svg\"><path d=\"M416 208H32c-17.67 0-32 14.33-32 32v32c0 17.67 14.33 32 32 32h384c17.67 0 32-14.33 32-32v-32c0-17.67-14.33-32-32-32z\"><\/path><\/svg><\/span>\n\t\t\t<span class='e-closed'><svg aria-hidden=\"true\" class=\"e-font-icon-svg e-fas-plus\" viewBox=\"0 0 448 512\" xmlns=\"http:\/\/www.w3.org\/2000\/svg\"><path d=\"M416 208H272V64c0-17.67-14.33-32-32-32h-32c-17.67 0-32 14.33-32 32v144H32c-17.67 0-32 14.33-32 32v32c0 17.67 14.33 32 32 32h144v144c0 17.67 14.33 32 32 32h32c17.67 0 32-14.33 32-32V304h144c17.67 0 32-14.33 32-32v-32c0-17.67-14.33-32-32-32z\"><\/path><\/svg><\/span>\n\t\t<\/span>\n\n\t\t\t\t\t\t<\/summary>\n\t\t\t\t<div role=\"region\" aria-labelledby=\"e-n-accordion-item-6836\" class=\"elementor-element elementor-element-2c3eaa6 e-flex e-con-boxed e-con e-child\" data-id=\"2c3eaa6\" data-element_type=\"container\" data-e-type=\"container\">\n\t\t\t\t\t<div class=\"e-con-inner\">\n\t\t\t\t<div class=\"elementor-element elementor-element-70ff86a elementor-widget elementor-widget-text-editor\" data-id=\"70ff86a\" data-element_type=\"widget\" data-e-type=\"widget\" data-widget_type=\"text-editor.default\">\n\t\t\t\t<div class=\"elementor-widget-container\">\n\t\t\t\t\t\t\t\t\t<p>Sur le territoire espagnol continental, la TVA s&rsquo;appelle IVA et s&rsquo;applique aux taux de 21 %, 10 % et 4 %. Aux <a href=\"https:\/\/www3.gobiernodecanarias.org\/tributos\/atc\/\" target=\"_blank\" rel=\"nofollow noopener\">Canaries<\/a>, ce syst\u00e8me est remplac\u00e9 par l&rsquo;IGIC (Impuesto General Indirecto Canario), un imp\u00f4t similaire dans son fonctionnement mais avec des taux diff\u00e9rents, g\u00e9n\u00e9ralement plus bas. C&rsquo;est l&rsquo;une des raisons pour lesquelles les Canaries sont souvent consid\u00e9r\u00e9es comme une juridiction fiscalement attractive, notamment pour les entrepreneurs et les t\u00e9l\u00e9travailleurs.<\/p>\t\t\t\t\t\t\t\t<\/div>\n\t\t\t\t<\/div>\n\t\t\t\t\t<\/div>\n\t\t\t\t<\/div>\n\t\t\t\t\t<\/details>\n\t\t\t\t\t<\/div>\n\t\t\t\t\t\t<\/div>\n\t\t\t\t<\/div>\n\t\t\t\t\t<\/div>\n\t\t\t\t<\/div>\n\t\t\t\t<\/div>\n\t\t<style>\r\n.lwrp.link-whisper-related-posts{\r\n            \r\n            margin-top: 40px;\nmargin-bottom: 30px;\r\n        }\r\n        .lwrp .lwrp-title{\r\n            \r\n            \r\n        }.lwrp .lwrp-description{\r\n            \r\n            \r\n\r\n        }\r\n        .lwrp .lwrp-list-container{\r\n        }\r\n        .lwrp .lwrp-list-multi-container{\r\n            display: flex;\r\n        }\r\n        .lwrp .lwrp-list-double{\r\n            width: 48%;\r\n        }\r\n        .lwrp .lwrp-list-triple{\r\n            width: 32%;\r\n        }\r\n        .lwrp .lwrp-list-row-container{\r\n            display: flex;\r\n            justify-content: space-between;\r\n        }\r\n        .lwrp .lwrp-list-row-container .lwrp-list-item{\r\n            width: calc(16% - 20px);\r\n        }\r\n        .lwrp .lwrp-list-item:not(.lwrp-no-posts-message-item){\r\n            \r\n            max-width: 150px;list-style: none;\r\n        }\r\n        .lwrp .lwrp-list-item img{\r\n            max-width: 100%;\r\n            height: auto;\r\n            object-fit: cover;\r\n            aspect-ratio: 1 \/ 1;\r\n        }\r\n        .lwrp .lwrp-list-item.lwrp-empty-list-item{\r\n            background: initial !important;\r\n        }\r\n        .lwrp .lwrp-list-item .lwrp-list-link .lwrp-list-link-title-text,\r\n        .lwrp .lwrp-list-item .lwrp-list-no-posts-message{\r\n            \r\n            \r\n            \r\n            font-style: normal;\r\n        }@media screen and (max-width: 480px) {\r\n            .lwrp.link-whisper-related-posts{\r\n                \r\n                \r\n            }\r\n            .lwrp .lwrp-title{\r\n                \r\n                \r\n            }.lwrp .lwrp-description{\r\n                \r\n                \r\n            }\r\n            .lwrp .lwrp-list-multi-container{\r\n                flex-direction: column;\r\n            }\r\n            .lwrp .lwrp-list-multi-container ul.lwrp-list{\r\n                margin-top: 0px;\r\n                margin-bottom: 0px;\r\n                padding-top: 0px;\r\n                padding-bottom: 0px;\r\n            }\r\n            .lwrp .lwrp-list-double,\r\n            .lwrp .lwrp-list-triple{\r\n                width: 100%;\r\n            }\r\n            .lwrp .lwrp-list-row-container{\r\n                justify-content: initial;\r\n                flex-direction: column;\r\n            }\r\n            .lwrp .lwrp-list-row-container .lwrp-list-item{\r\n                width: 100%;\r\n            }\r\n            .lwrp .lwrp-list-item:not(.lwrp-no-posts-message-item){\r\n                \r\n                max-width: initial;\r\n            }\r\n            .lwrp .lwrp-list-item .lwrp-list-link .lwrp-list-link-title-text,\r\n            .lwrp .lwrp-list-item .lwrp-list-no-posts-message{\r\n                \r\n                \r\n                \r\n                \r\n            };\r\n        }<\/style>\r\n<div id=\"link-whisper-related-posts-widget\" class=\"link-whisper-related-posts lwrp\">\r\n    \r\n        <div class=\"lwrp-list-container\">\r\n                                <div class=\"lwrp-list lwrp-list-row-container lwrp-list-single-row\">\r\n                <div class=\"lwrp-list-item\"><a href=\"https:\/\/delaguialuzon.com\/fr\/blog\/audit-de-contrats-commerciaux\/\" class=\"lwrp-list-link\"><img width=\"480\" height=\"321\" src=\"https:\/\/delaguialuzon.com\/wp-content\/uploads\/2025\/09\/audit-contrats-commerciaux.jpg\" class=\"attachment-480x480 size-480x480 wp-post-image\" alt=\"audit contrats commerciaux\" srcset=\"https:\/\/delaguialuzon.com\/wp-content\/uploads\/2025\/09\/audit-contrats-commerciaux.jpg 795w, https:\/\/delaguialuzon.com\/wp-content\/uploads\/2025\/09\/audit-contrats-commerciaux-300x200.jpg 300w, https:\/\/delaguialuzon.com\/wp-content\/uploads\/2025\/09\/audit-contrats-commerciaux-768x513.jpg 768w\" sizes=\"(max-width: 480px) 100vw, 480px\" \/><br><span class=\"lwrp-list-link-title-text\">Audit de contrats commerciaux en Espagne\u00a0: s\u00e9curisez vos partenariats avant qu\u2019il ne soit trop tard<\/span><\/a><\/div><div class=\"lwrp-list-item\"><a href=\"https:\/\/delaguialuzon.com\/fr\/blog\/business-en-ligne\/\" class=\"lwrp-list-link\"><img width=\"480\" height=\"270\" src=\"https:\/\/delaguialuzon.com\/wp-content\/uploads\/2024\/06\/business-en-ligne.jpg\" class=\"attachment-480x480 size-480x480 wp-post-image\" alt=\"Lancer un business en ligne\" srcset=\"https:\/\/delaguialuzon.com\/wp-content\/uploads\/2024\/06\/business-en-ligne.jpg 950w, https:\/\/delaguialuzon.com\/wp-content\/uploads\/2024\/06\/business-en-ligne-300x169.jpg 300w, https:\/\/delaguialuzon.com\/wp-content\/uploads\/2024\/06\/business-en-ligne-768x432.jpg 768w\" sizes=\"(max-width: 480px) 100vw, 480px\" \/><br><span class=\"lwrp-list-link-title-text\">Lancer un business en ligne en Espagne\u00a0: l\u2019essentiel \u00e0 savoir<\/span><\/a><\/div><div class=\"lwrp-list-item\"><a href=\"https:\/\/delaguialuzon.com\/fr\/blog\/couts-securite-sociale\/\" class=\"lwrp-list-link\"><img width=\"480\" height=\"320\" src=\"https:\/\/delaguialuzon.com\/wp-content\/uploads\/2024\/06\/securite-sociale.jpg\" class=\"attachment-480x480 size-480x480 wp-post-image\" alt=\"Les co\u00fbts de la S\u00e9curit\u00e9 sociale\" srcset=\"https:\/\/delaguialuzon.com\/wp-content\/uploads\/2024\/06\/securite-sociale.jpg 985w, https:\/\/delaguialuzon.com\/wp-content\/uploads\/2024\/06\/securite-sociale-300x200.jpg 300w, https:\/\/delaguialuzon.com\/wp-content\/uploads\/2024\/06\/securite-sociale-768x512.jpg 768w\" sizes=\"(max-width: 480px) 100vw, 480px\" \/><br><span class=\"lwrp-list-link-title-text\">Les co\u00fbts de la S\u00e9curit\u00e9 sociale : un enjeu pour les entreprises espagnoles<\/span><\/a><\/div><div class=\"lwrp-list-item\"><a href=\"https:\/\/delaguialuzon.com\/fr\/blog\/controle-fiscal-en-espagne\/\" class=\"lwrp-list-link\"><img width=\"480\" height=\"320\" src=\"https:\/\/delaguialuzon.com\/wp-content\/uploads\/2024\/04\/controle-fiscal-en-espagne.jpg\" class=\"attachment-480x480 size-480x480 wp-post-image\" alt=\"controle fiscal en espagne\" srcset=\"https:\/\/delaguialuzon.com\/wp-content\/uploads\/2024\/04\/controle-fiscal-en-espagne.jpg 950w, https:\/\/delaguialuzon.com\/wp-content\/uploads\/2024\/04\/controle-fiscal-en-espagne-300x200.jpg 300w, https:\/\/delaguialuzon.com\/wp-content\/uploads\/2024\/04\/controle-fiscal-en-espagne-768x512.jpg 768w\" sizes=\"(max-width: 480px) 100vw, 480px\" \/><br><span class=\"lwrp-list-link-title-text\">Comment \u00e9viter un contr\u00f4le fiscal en Espagne ?<\/span><\/a><\/div><div class=\"lwrp-list-item\"><a href=\"https:\/\/delaguialuzon.com\/fr\/blog\/subventions-embauche-personnes-chomage\/\" class=\"lwrp-list-link\"><img width=\"480\" height=\"320\" src=\"https:\/\/delaguialuzon.com\/wp-content\/uploads\/2024\/07\/subventions-embauche-personnes-chomage.jpg\" class=\"attachment-480x480 size-480x480 wp-post-image\" alt=\"Subventions pour l&#039;embauche de personnes au ch\u00f4mage\" srcset=\"https:\/\/delaguialuzon.com\/wp-content\/uploads\/2024\/07\/subventions-embauche-personnes-chomage.jpg 950w, https:\/\/delaguialuzon.com\/wp-content\/uploads\/2024\/07\/subventions-embauche-personnes-chomage-300x200.jpg 300w, https:\/\/delaguialuzon.com\/wp-content\/uploads\/2024\/07\/subventions-embauche-personnes-chomage-768x512.jpg 768w\" sizes=\"(max-width: 480px) 100vw, 480px\" \/><br><span class=\"lwrp-list-link-title-text\">Subventions pour l&#8217;embauche ind\u00e9finie de personnes au ch\u00f4mage appartenant a des groupes prioritaires pour l&#8217;emploi en Communaut\u00e9 Valencienne, ECOVUL 2024<\/span><\/a><\/div><div class=\"lwrp-list-item\"><a href=\"https:\/\/delaguialuzon.com\/fr\/blog\/bien-immobilier-en-espagne\/\" class=\"lwrp-list-link\"><img width=\"480\" height=\"320\" src=\"https:\/\/delaguialuzon.com\/wp-content\/uploads\/2024\/04\/bien-immobilier-en-Espagne.jpg\" class=\"attachment-480x480 size-480x480 wp-post-image\" alt=\"bien immobilier en espagne\" srcset=\"https:\/\/delaguialuzon.com\/wp-content\/uploads\/2024\/04\/bien-immobilier-en-Espagne.jpg 950w, https:\/\/delaguialuzon.com\/wp-content\/uploads\/2024\/04\/bien-immobilier-en-Espagne-300x200.jpg 300w, https:\/\/delaguialuzon.com\/wp-content\/uploads\/2024\/04\/bien-immobilier-en-Espagne-768x512.jpg 768w\" sizes=\"(max-width: 480px) 100vw, 480px\" \/><br><span class=\"lwrp-list-link-title-text\">Quels imp\u00f4ts s&rsquo;appliquent \u00e0 l\u2019achat d\u2019un bien immobilier en Espagne ?<\/span><\/a><\/div>                <\/div>\r\n                <\/div>\r\n<\/div>","protected":false},"excerpt":{"rendered":"<p>D\u00e9couvrez les diff\u00e9rents types d\u2019imp\u00f4ts en Espagne et leur fonctionnement. Informations essentielles pour s&rsquo;\u00e9tablir et investir en Espagne.<\/p>\n","protected":false},"author":2,"featured_media":4504,"comment_status":"closed","ping_status":"closed","sticky":false,"template":"","format":"standard","meta":{"_mbp_gutenberg_autopost":false,"_joinchat":[],"footnotes":""},"categories":[28],"tags":[],"class_list":["post-4345","post","type-post","status-publish","format-standard","has-post-thumbnail","hentry","category-droit-fiscal"],"_links":{"self":[{"href":"https:\/\/delaguialuzon.com\/fr\/wp-json\/wp\/v2\/posts\/4345","targetHints":{"allow":["GET"]}}],"collection":[{"href":"https:\/\/delaguialuzon.com\/fr\/wp-json\/wp\/v2\/posts"}],"about":[{"href":"https:\/\/delaguialuzon.com\/fr\/wp-json\/wp\/v2\/types\/post"}],"author":[{"embeddable":true,"href":"https:\/\/delaguialuzon.com\/fr\/wp-json\/wp\/v2\/users\/2"}],"replies":[{"embeddable":true,"href":"https:\/\/delaguialuzon.com\/fr\/wp-json\/wp\/v2\/comments?post=4345"}],"version-history":[{"count":39,"href":"https:\/\/delaguialuzon.com\/fr\/wp-json\/wp\/v2\/posts\/4345\/revisions"}],"predecessor-version":[{"id":24191,"href":"https:\/\/delaguialuzon.com\/fr\/wp-json\/wp\/v2\/posts\/4345\/revisions\/24191"}],"wp:featuredmedia":[{"embeddable":true,"href":"https:\/\/delaguialuzon.com\/fr\/wp-json\/wp\/v2\/media\/4504"}],"wp:attachment":[{"href":"https:\/\/delaguialuzon.com\/fr\/wp-json\/wp\/v2\/media?parent=4345"}],"wp:term":[{"taxonomy":"category","embeddable":true,"href":"https:\/\/delaguialuzon.com\/fr\/wp-json\/wp\/v2\/categories?post=4345"},{"taxonomy":"post_tag","embeddable":true,"href":"https:\/\/delaguialuzon.com\/fr\/wp-json\/wp\/v2\/tags?post=4345"}],"curies":[{"name":"wp","href":"https:\/\/api.w.org\/{rel}","templated":true}]}}