{"id":8655,"date":"2024-09-16T12:35:04","date_gmt":"2024-09-16T10:35:04","guid":{"rendered":"https:\/\/delaguialuzon.com\/?p=8655"},"modified":"2026-04-19T15:50:43","modified_gmt":"2026-04-19T13:50:43","slug":"travailler-en-espagne-en-tant-que-francais","status":"publish","type":"post","link":"https:\/\/delaguialuzon.com\/fr\/blog\/travailler-en-espagne-en-tant-que-francais\/","title":{"rendered":"Travailler en Espagne en tant que Fran\u00e7ais ou francophone : guide pratique pour s\u2019installer et r\u00e9ussir"},"content":{"rendered":"\t\t<div data-elementor-type=\"wp-post\" data-elementor-id=\"8655\" class=\"elementor elementor-8655\" data-elementor-post-type=\"post\">\n\t\t\t\t<div class=\"elementor-element elementor-element-38069d2 e-flex e-con-boxed e-con e-parent\" data-id=\"38069d2\" data-element_type=\"container\" data-e-type=\"container\">\n\t\t\t\t\t<div class=\"e-con-inner\">\n\t\t\t\t<div class=\"elementor-element elementor-element-946e194 elementor-widget elementor-widget-text-editor\" data-id=\"946e194\" data-element_type=\"widget\" data-e-type=\"widget\" data-widget_type=\"text-editor.default\">\n\t\t\t\t<div class=\"elementor-widget-container\">\n\t\t\t\t\t\t\t\t\t<div style=\"background: linear-gradient(135deg,#f0f9ff 0%,#e0f2fe 100%); border-left: 4px solid #007BB3; padding: 24px 28px; border-radius: 8px; box-shadow: 0 2px 8px rgba(0,0,0,0.05); margin: 25px 0;\"><p style=\"margin: 0 0 14px 0; font-weight: bold; color: #003c5c; letter-spacing: 0.5px; font-size: 0.95em;\">\ud83d\udccc Travailler en Espagne en 2026 \u2014 l&rsquo;essentiel en 60 secondes<\/p><ul style=\"margin: 0; padding-left: 22px; line-height: 1.8;\"><li><strong>SMI 2026 : 1 221 \u20ac\/mois \u00d7 14 pagas<\/strong> (17 094 \u20ac\/an) \u2014 <em>Real Decreto 126\/2026 du 18 f\u00e9vrier 2026<\/em>. \u00c9quivalent 12 mois : 1 424,50 \u20ac.<\/li><li><strong>Fran\u00e7ais, Belges, Suisses<\/strong> \u2192 r\u00e9gime communautaire : <em>Certificado de Registro de Ciudadano de la Uni\u00f3n<\/em> suffit, <strong>aucun permis de travail<\/strong>.<\/li><li><strong>Canadiens et ressortissants du Maghreb<\/strong> \u2192 r\u00e9gime hors UE, proc\u00e9dure <em>Real Decreto 1155\/2024<\/em> (en vigueur depuis le 20 mai 2025) : autorisation initiale 1 an, renouvelable 4 ans.<\/li><li><strong>Aut\u00f3nomo<\/strong> : 15 tramos RETA, cotisation mensuelle de 200 \u00e0 590 \u20ac + MEI 0,9 %. <em>Tarifa plana<\/em> \u00e0 80 \u20ac\/mois les 12 premiers mois maintenue.<\/li><li><strong>Loi Beckham<\/strong> : 24 % flat jusqu&rsquo;\u00e0 600 000 \u20ac de revenus espagnols pour les nouveaux r\u00e9sidents salari\u00e9s (art. 93 LIRPF).<\/li><li><strong>Double cotisation \u00e9vit\u00e9e<\/strong> gr\u00e2ce au R\u00e8glement (CE) 883\/2004 et \u00e0 la convention bilat\u00e9rale France-Espagne du 31 octobre 1957.<\/li><\/ul><\/div><p><\/p><h2 style=\"color: #003c5c; margin-top: 35px;\">Travailler en Espagne en 2026 : un terrain mouvant pour les francophones<\/h2><p>Un CDI chez une scale-up de Poblenou. Une mission freelance pour un studio d&rsquo;archi toulousain depuis Ruzafa. Un transfert intra-groupe de Bruxelles vers le si\u00e8ge d&rsquo;Iberdrola \u00e0 Bilbao. Un projet de cabinet d&rsquo;expertise-comptable franco-espagnol \u00e0 Alicante. Chaque ann\u00e9e, des dizaines de milliers de francophones franchissent le pas \u2014 et chacun d\u00e9couvre, souvent trop tard, que le vrai sujet n&rsquo;est pas \u00ab trouver du travail \u00bb mais <strong>choisir le bon r\u00e9gime, au bon moment, avec le bon statut fiscal<\/strong>.<\/p><p>Depuis 2024-2026, le paysage a chang\u00e9 en profondeur. Le <strong>Real Decreto 1155\/2024<\/strong> a r\u00e9\u00e9crit tout le droit des \u00e9trangers, effectif depuis le 20 mai 2025. Le <strong>Real Decreto 126\/2026<\/strong> a revaloris\u00e9 le SMI \u00e0 1 221 \u20ac bruts sur 14 pagas. Le <strong>Real Decreto-ley 16\/2025<\/strong> a gel\u00e9 les cotisations aut\u00f3nomos aux niveaux de 2025, mais a relev\u00e9 le <strong>MEI \u00e0 0,9 %<\/strong>. Et pour les salari\u00e9s qualifi\u00e9s, la <strong>Loi Beckham<\/strong> (article 93 de la LIRPF) continue d&rsquo;offrir un plafond \u00e0 24 % jusqu&rsquo;\u00e0 600 000 \u20ac \u2014 un levier d&rsquo;optimisation qui attire cadres parisiens, traders bruxellois et ing\u00e9nieurs genevois.<\/p><p>Cet \u00e9tat des lieux cible cinq profils francophones \u2014 <strong>Fran\u00e7ais, Belges, Suisses, Canadiens, ressortissants du Maghreb<\/strong> \u2014 parce que leur statut juridique face au march\u00e9 espagnol diff\u00e8re radicalement. Un Fran\u00e7ais arrive en r\u00e9gime communautaire pur. Un Suisse b\u00e9n\u00e9ficie de l&rsquo;accord UE-Suisse du 21 juin 1999. Un Canadien passe par l&rsquo;article 71 du RD 1155\/2024. Un Marocain ou un Alg\u00e9rien rel\u00e8ve d&rsquo;un autre couloir administratif. R\u00e9sultat : les m\u00eames d\u00e9marches en apparence, trois \u00e0 six mois d&rsquo;\u00e9cart dans les faits.<\/p><p><\/p><blockquote style=\"background: linear-gradient(135deg,#fef3c7 0%,#fde68a 100%); border-left: 5px solid #d97706; padding: 22px 26px; margin: 30px 0; border-radius: 6px; font-style: normal;\"><p style=\"margin: 0 0 8px 0; font-weight: bold; color: #78350f;\">\ud83d\udcca \u00c0 savoir \u2014 La communaut\u00e9 fran\u00e7aise en Espagne<\/p><p style=\"margin: 0; line-height: 1.7;\">Au 1er janvier 2025, <strong>111 451 Fran\u00e7ais<\/strong> sont officiellement inscrits au registre consulaire dans la circonscription Espagne-Portugal-Andorre-Monaco \u2014 10\u1d49 plus grande circonscription mondiale. Les estimations r\u00e9elles, incluant binationaux et non-inscrits, oscillent <strong>entre 180 000 et 220 000 Fran\u00e7ais r\u00e9sidents<\/strong>. Principales concentrations : Barcelone (20 938), Madrid (16 351), Alicante (6 910), Valence (5 028), Bal\u00e9ares (4 414), Malaga (4 104).<\/p><p style=\"margin: 10px 0 0 0; font-size: 0.88em; color: #92400e;\"><em>Sources : <a href=\"https:\/\/www.diplomatie.gouv.fr\/fr\/services-aux-francais\/l-action-consulaire-missions-chiffres-cles\/la-communaute-francaise-a-l-etranger-en-chiffres\/\" target=\"_blank\" rel=\"nofollow noopener\">France Diplomatie \u2014 D\u00e9cret n\u00b0 2025-104 du 3 f\u00e9vrier 2025<\/a> \u00b7 <a href=\"https:\/\/webapps.france-diplomatie.info\/carte-registre\/\" target=\"_blank\" rel=\"nofollow noopener\">Carte du registre consulaire 2025<\/a><\/em><\/p><\/blockquote><p><\/p><h2 style=\"color: #003c5c;\">R\u00e9gime communautaire ou r\u00e9gime g\u00e9n\u00e9ral : tout d\u00e9pend de votre passeport<\/h2><p>La premi\u00e8re bifurcation n&rsquo;est pas sectorielle, elle est <strong>juridique et g\u00e9ographique<\/strong>. La <strong>Directive 2004\/38\/CE<\/strong> sur la libre circulation des personnes s&rsquo;applique aux citoyens de l&rsquo;Union europ\u00e9enne, de l&rsquo;Espace \u00e9conomique europ\u00e9en (Islande, Liechtenstein, Norv\u00e8ge) et \u2014 via l&rsquo;Accord UE-Suisse du 21 juin 1999 \u2014 aux Suisses. Tout le reste du monde passe par le <strong>Real Decreto 1155\/2024<\/strong>, le nouveau Reglamento de Extranjer\u00eda qui a remplac\u00e9 le RD 557\/2011 depuis mai 2025.<\/p><p><\/p><div style=\"display: flex; flex-wrap: wrap; gap: 14px; margin: 28px 0;\"><div style=\"flex: 1 1 280px; background: #ffffff; border: 2px solid #007BB3; border-radius: 10px; padding: 20px; box-shadow: 0 2px 6px rgba(0,0,0,0.06);\"><div style=\"font-size: 1.8em; margin-bottom: 8px;\">\ud83c\uddeb\ud83c\uddf7<\/div><h4 style=\"color: #003c5c; margin: 0 0 10px 0;\">Fran\u00e7ais<\/h4><p style=\"margin: 0 0 6px 0; font-size: 0.92em; line-height: 1.6;\"><strong>R\u00e9gime :<\/strong> Communautaire (Directive 2004\/38\/CE)<\/p><p style=\"margin: 0 0 6px 0; font-size: 0.92em; line-height: 1.6;\"><strong>Document :<\/strong> Certificado de Registro de Ciudadano de la Uni\u00f3n (Modelo EX-18)<\/p><p style=\"margin: 0; font-size: 0.92em; line-height: 1.6;\"><strong>D\u00e9lai :<\/strong> Inscription dans les 3 mois si s\u00e9jour &gt; 3 mois<\/p><\/div><div style=\"flex: 1 1 280px; background: #ffffff; border: 2px solid #007BB3; border-radius: 10px; padding: 20px; box-shadow: 0 2px 6px rgba(0,0,0,0.06);\"><div style=\"font-size: 1.8em; margin-bottom: 8px;\">\ud83c\udde7\ud83c\uddea<\/div><h4 style=\"color: #003c5c; margin: 0 0 10px 0;\">Belges<\/h4><p style=\"margin: 0 0 6px 0; font-size: 0.92em; line-height: 1.6;\"><strong>R\u00e9gime :<\/strong> Communautaire (identique aux Fran\u00e7ais)<\/p><p style=\"margin: 0 0 6px 0; font-size: 0.92em; line-height: 1.6;\"><strong>Fiscalit\u00e9 :<\/strong> Convention Belgique-Espagne du 14 juin 1995<\/p><p style=\"margin: 0; font-size: 0.92em; line-height: 1.6;\"><strong>S\u00e9curit\u00e9 sociale :<\/strong> Formulaire S1\/A1 via INAMI<\/p><\/div><div style=\"flex: 1 1 280px; background: #ffffff; border: 2px solid #dc2626; border-radius: 10px; padding: 20px; box-shadow: 0 2px 6px rgba(0,0,0,0.06);\"><div style=\"font-size: 1.8em; margin-bottom: 8px;\">\ud83c\udde8\ud83c\udded<\/div><h4 style=\"color: #7f1d1d; margin: 0 0 10px 0;\">Suisses<\/h4><p style=\"margin: 0 0 6px 0; font-size: 0.92em; line-height: 1.6;\"><strong>R\u00e9gime :<\/strong> Accord UE-Suisse du 21 juin 1999 (ALCP)<\/p><p style=\"margin: 0 0 6px 0; font-size: 0.92em; line-height: 1.6;\"><strong>Document :<\/strong> TIE (Tarjeta de Identidad de Extranjero) r\u00e9gime UE<\/p><p style=\"margin: 0; font-size: 0.92em; line-height: 1.6;\"><strong>Fiscalit\u00e9 :<\/strong> Convention Suisse-Espagne du 26 avril 1966<\/p><\/div><div style=\"flex: 1 1 280px; background: #ffffff; border: 2px solid #c026d3; border-radius: 10px; padding: 20px; box-shadow: 0 2px 6px rgba(0,0,0,0.06);\"><div style=\"font-size: 1.8em; margin-bottom: 8px;\">\ud83c\udde8\ud83c\udde6<\/div><h4 style=\"color: #701a75; margin: 0 0 10px 0;\">Canadiens<\/h4><p style=\"margin: 0 0 6px 0; font-size: 0.92em; line-height: 1.6;\"><strong>R\u00e9gime :<\/strong> Hors UE \u2014 RD 1155\/2024 (arts. 72-87)<\/p><p style=\"margin: 0 0 6px 0; font-size: 0.92em; line-height: 1.6;\"><strong>Document :<\/strong> Visa r\u00e9sidence + travail \u2192 TIE<\/p><p style=\"margin: 0; font-size: 0.92em; line-height: 1.6;\"><strong>Levier rapide :<\/strong> Visa nomade num\u00e9rique (Ley 28\/2022)<\/p><\/div><div style=\"flex: 1 1 280px; background: #ffffff; border: 2px solid #059669; border-radius: 10px; padding: 20px; box-shadow: 0 2px 6px rgba(0,0,0,0.06);\"><div style=\"font-size: 1.8em; margin-bottom: 8px;\">\ud83c\udf0d<\/div><h4 style=\"color: #064e3b; margin: 0 0 10px 0;\">Maghreb (MA\/DZ\/TN)<\/h4><p style=\"margin: 0 0 6px 0; font-size: 0.92em; line-height: 1.6;\"><strong>R\u00e9gime :<\/strong> Hors UE \u2014 RD 1155\/2024 + accords bilat\u00e9raux<\/p><p style=\"margin: 0 0 6px 0; font-size: 0.92em; line-height: 1.6;\"><strong>Voies principales :<\/strong> Arraigo social\/laboral (2 ans), contingente<\/p><p style=\"margin: 0; font-size: 0.92em; line-height: 1.6;\"><strong>Convention :<\/strong> S\u00e9curit\u00e9 sociale Maroc-Espagne du 8\/11\/1979<\/p><\/div><\/div><p><\/p><blockquote style=\"background: #f8fafc; border-left: 4px solid #475569; padding: 18px 24px; margin: 25px 0; border-radius: 4px;\"><p style=\"margin: 0; font-style: italic; color: #334155; line-height: 1.7;\">\u00ab La autorizaci\u00f3n de residencia temporal y trabajo por cuenta ajena autorizar\u00e1 tambi\u00e9n para el ejercicio de una actividad por cuenta propia durante su vigencia, siempre que la actividad principal sea la actividad por cuenta ajena. \u00bb<\/p><p style=\"margin: 10px 0 0 0; font-size: 0.88em; color: #64748b;\">\u2014 <strong>Art. 73 du Real Decreto 1155\/2024<\/strong>, nouveaut\u00e9 majeure : la compatibilit\u00e9 salari\u00e9\/ind\u00e9pendant est d\u00e9sormais de droit. <a href=\"https:\/\/www.boe.es\/buscar\/act.php?id=BOE-A-2024-24099\" target=\"_blank\" rel=\"nofollow noopener\">BOE-A-2024-24099<\/a><\/p><\/blockquote><p><\/p><h2 style=\"color: #003c5c;\">Salaires 2026 : l&rsquo;\u00e9cart r\u00e9el entre Espagne, France, Belgique, Suisse et Canada<\/h2><p>Le diff\u00e9rentiel brut est connu. Ce qui l&rsquo;est moins, c&rsquo;est l&rsquo;effet <strong>pouvoir d&rsquo;achat net<\/strong> : Valence reste 18 \u00e0 22 % moins ch\u00e8re que Lyon, Barcelone affiche un \u00e9cart qui se r\u00e9duit \u00e0 8-12 % avec Marseille, Madrid talonne d\u00e9sormais Lille sur le logement locatif. Voici les donn\u00e9es 2026 \u00e0 jour, sourc\u00e9es <strong>Eurostat, Insee, INE et Minist\u00e8re du Travail fran\u00e7ais<\/strong>.<\/p><div style=\"overflow-x: auto; margin: 25px 0;\"><table style=\"width: 100%; border-collapse: collapse; box-shadow: 0 2px 8px rgba(0,0,0,0.05);\"><thead><tr style=\"background: #003c5c; color: #fff;\"><th style=\"padding: 12px; text-align: left;\">Pays<\/th><th style=\"padding: 12px; text-align: left;\">Salaire minimum brut 2026<\/th><th style=\"padding: 12px; text-align: left;\">Salaire moyen brut 2025<\/th><th style=\"padding: 12px; text-align: left;\">Base l\u00e9gale<\/th><\/tr><\/thead><tbody><tr style=\"background: #e0f2fe;\"><td style=\"padding: 12px;\"><strong>\ud83c\uddea\ud83c\uddf8 Espagne<\/strong><\/td><td style=\"padding: 12px;\">1 221 \u20ac\/mois \u00d7 14 (\u00e9q. 1 424,50 \u20ac\/12)<\/td><td style=\"padding: 12px;\">\u2248 2 385 \u20ac<\/td><td style=\"padding: 12px; font-size: 0.88em;\">Real Decreto 126\/2026<\/td><\/tr><tr style=\"background: #ffffff;\"><td style=\"padding: 12px;\"><strong>\ud83c\uddeb\ud83c\uddf7 France<\/strong><\/td><td style=\"padding: 12px;\">1 823,03 \u20ac\/mois (temps plein)<\/td><td style=\"padding: 12px;\">\u2248 2 580 \u20ac<\/td><td style=\"padding: 12px; font-size: 0.88em;\">D\u00e9cret 2025-1228<\/td><\/tr><tr style=\"background: #e0f2fe;\"><td style=\"padding: 12px;\"><strong>\ud83c\udde7\ud83c\uddea Belgique<\/strong><\/td><td style=\"padding: 12px;\">2 112 \u20ac\/mois<\/td><td style=\"padding: 12px;\">\u2248 3 600 \u20ac<\/td><td style=\"padding: 12px; font-size: 0.88em;\">CCT n\u00b0 43\/CNT<\/td><\/tr><tr style=\"background: #ffffff;\"><td style=\"padding: 12px;\"><strong>\ud83c\udde8\ud83c\udded Suisse<\/strong><\/td><td style=\"padding: 12px;\">Pas de SMIC f\u00e9d\u00e9ral \u2014 \u2248 23 CHF\/h cantonal<\/td><td style=\"padding: 12px;\">\u2248 6 600 CHF<\/td><td style=\"padding: 12px; font-size: 0.88em;\">Lois cantonales (GE, NE, TI, JU, BS)<\/td><\/tr><tr style=\"background: #e0f2fe;\"><td style=\"padding: 12px;\"><strong>\ud83c\udde8\ud83c\udde6 Canada<\/strong><\/td><td style=\"padding: 12px;\">17,75 $CA\/h f\u00e9d\u00e9ral (\u2248 2 890 $CA\/mois)<\/td><td style=\"padding: 12px;\">\u2248 5 200 $CA<\/td><td style=\"padding: 12px; font-size: 0.88em;\">Code canadien du travail<\/td><\/tr><\/tbody><\/table><\/div><p><strong>L&rsquo;\u00e9cart France-Espagne se resserre \u00e0 421 \u20ac sur le SMIC<\/strong> \u2014 soit 30,5 % \u2014 mais il tombe \u00e0 moins de 15 % en pouvoir d&rsquo;achat corrig\u00e9 du co\u00fbt de la vie. <a href=\"https:\/\/delaguialuzon.com\/fr\/blog\/salaire-minimum-interprofessionnel-2025\/\">Notre analyse d\u00e9taill\u00e9e du SMI<\/a> explore les seuils par cat\u00e9gorie (travailleurs saisonniers, employ\u00e9s de maison, apprentis).<\/p><p><\/p><blockquote style=\"background: linear-gradient(135deg,#fef3c7 0%,#fde68a 100%); border-left: 5px solid #d97706; padding: 22px 26px; margin: 30px 0; border-radius: 6px; font-style: normal;\"><p style=\"margin: 0 0 8px 0; font-weight: bold; color: #78350f;\">\ud83d\udcca \u00c0 savoir \u2014 Revalorisation du SMI espagnol en 2026<\/p><p style=\"margin: 0; line-height: 1.7;\">Le <strong>Real Decreto 126\/2026 du 18 f\u00e9vrier 2026<\/strong> (BOE du 19 f\u00e9vrier 2026, r\u00e9f. BOE-A-2026-3815) porte le SMI \u00e0 <strong>1 221 \u20ac bruts mensuels sur 14 pagas<\/strong>, soit <strong>17 094 \u20ac bruts annuels<\/strong> ou <strong>1 424,50 \u20ac en \u00e9quivalent 12 mois<\/strong>. Progression de +66 % depuis 2018 \u2014 la plus rapide d&rsquo;Europe occidentale. Objectif politique : maintenir le SMI \u00e0 60 % du salaire m\u00e9dian national conform\u00e9ment \u00e0 la <strong>Directive (UE) 2022\/2041<\/strong> sur les salaires minimums ad\u00e9quats.<\/p><p style=\"margin: 10px 0 0 0; font-size: 0.88em; color: #92400e;\"><em>Sources : <a href=\"https:\/\/www.boe.es\/\" target=\"_blank\" rel=\"nofollow noopener\">Bolet\u00edn Oficial del Estado<\/a> \u00b7 <a href=\"https:\/\/www.sepe.es\/\" target=\"_blank\" rel=\"nofollow noopener\">SEPE \u2014 Servicio P\u00fablico de Empleo Estatal<\/a><\/em><\/p><\/blockquote><p><\/p><h2 style=\"color: #003c5c;\">Les secteurs qui embauchent les francophones en 2026<\/h2><p>La demande francophone se concentre sur cinq niches nettement identifi\u00e9es, avec des \u00e9carts de salaire consid\u00e9rables d&rsquo;un secteur \u00e0 l&rsquo;autre. Les donn\u00e9es ci-dessous sont issues des <a href=\"https:\/\/www.ine.es\/\" target=\"_blank\" rel=\"nofollow noopener\">statistiques de l&rsquo;INE<\/a> et des \u00e9tudes sectorielles publi\u00e9es en 2025.<\/p><div style=\"overflow-x: auto; margin: 25px 0;\"><table style=\"width: 100%; border-collapse: collapse; box-shadow: 0 2px 8px rgba(0,0,0,0.05);\"><thead><tr style=\"background: #003c5c; color: #fff;\"><th style=\"padding: 12px; text-align: left;\">Secteur<\/th><th style=\"padding: 12px; text-align: left;\">Salaire brut mensuel 2025<\/th><th style=\"padding: 12px; text-align: left;\">Villes phares<\/th><th style=\"padding: 12px; text-align: left;\">Avantage francophone<\/th><\/tr><\/thead><tbody><tr style=\"background: #e0f2fe;\"><td style=\"padding: 12px;\"><strong>Finance &amp; assurances<\/strong><\/td><td style=\"padding: 12px;\">\u2248 3 100 \u20ac<\/td><td style=\"padding: 12px;\">Madrid, Bilbao<\/td><td style=\"padding: 12px; font-size: 0.9em;\">Client\u00e8le fran\u00e7aise\/belge des banques priv\u00e9es<\/td><\/tr><tr style=\"background: #ffffff;\"><td style=\"padding: 12px;\"><strong>Tech &amp; t\u00e9l\u00e9coms<\/strong><\/td><td style=\"padding: 12px;\">2 700 \u20ac et +<\/td><td style=\"padding: 12px;\">Barcelone, Madrid, Valence<\/td><td style=\"padding: 12px; font-size: 0.9em;\">Hubs type 22@Barcelona, startups bilingues<\/td><\/tr><tr style=\"background: #e0f2fe;\"><td style=\"padding: 12px;\"><strong>Pharma, chimie, \u00e9nergie<\/strong><\/td><td style=\"padding: 12px;\">2 500-3 000 \u20ac<\/td><td style=\"padding: 12px;\">Madrid, Tarragone<\/td><td style=\"padding: 12px; font-size: 0.9em;\">Groupes TotalEnergies, Sanofi, Suez Espagne<\/td><\/tr><tr style=\"background: #ffffff;\"><td style=\"padding: 12px;\"><strong>Immobilier<\/strong><\/td><td style=\"padding: 12px;\">1 600-2 500 \u20ac + commissions<\/td><td style=\"padding: 12px;\">Costa Blanca, Costa del Sol, Valence<\/td><td style=\"padding: 12px; font-size: 0.9em;\">Acheteurs francophones = 21 % des ventes<\/td><\/tr><tr style=\"background: #e0f2fe;\"><td style=\"padding: 12px;\"><strong>\u00c9ducation (fran\u00e7ais LE)<\/strong><\/td><td style=\"padding: 12px;\">\u2248 1 900 \u20ac<\/td><td style=\"padding: 12px;\">Lyc\u00e9es fran\u00e7ais Madrid, Barcelone, Valence<\/td><td style=\"padding: 12px; font-size: 0.9em;\">AEFE + \u00e9tablissements conventionn\u00e9s<\/td><\/tr><tr style=\"background: #ffffff;\"><td style=\"padding: 12px;\"><strong>Tourisme &amp; h\u00f4tellerie<\/strong><\/td><td style=\"padding: 12px;\">&lt; 1 400 \u20ac<\/td><td style=\"padding: 12px;\">Bal\u00e9ares, Canaries, Costas<\/td><td style=\"padding: 12px; font-size: 0.9em;\">Forte saisonnalit\u00e9 (avril-octobre)<\/td><\/tr><\/tbody><\/table><\/div><p><\/p><h2 style=\"color: #003c5c;\">Horaires, jornada partida et registre du temps : le choc culturel calibr\u00e9<\/h2><p>Le clich\u00e9 de la journ\u00e9e coup\u00e9e 9 h-14 h \/ 16 h-20 h survit dans le commerce, la restauration et l&rsquo;administration publique \u2014 mais les grandes entreprises, les cabinets de conseil et la tech ont bascul\u00e9 sur la <strong>jornada intensiva<\/strong> (9 h-17 h en continu) ou sur des horaires hybrides. La loi espagnole fixe la dur\u00e9e maximale \u00e0 <strong>40 heures hebdomadaires<\/strong> (article 34 du <em>Estatuto de los Trabajadores<\/em>), soit 1 826 heures annuelles \u2014 un chiffre plus \u00e9lev\u00e9 que les 1 607 heures fran\u00e7aises.<\/p><p>Depuis le <strong>Real Decreto-ley 8\/2019<\/strong>, tout employeur espagnol est tenu de mettre en place un <strong>registro horario<\/strong> fiable et accessible. Son absence expose \u00e0 des amendes allant de 751 \u20ac \u00e0 7 500 \u20ac par infraction. Une r\u00e9forme est en discussion pour ramener la semaine l\u00e9gale \u00e0 <strong>37,5 heures<\/strong> \u2014 projet controvers\u00e9, toujours bloqu\u00e9 au Congr\u00e8s en avril 2026. <a href=\"https:\/\/delaguialuzon.com\/fr\/compliance-du-travail\/\">Notre p\u00f4le Compliance du travail<\/a> accompagne les entreprises sur ces obligations.<\/p><p><\/p><h2 style=\"color: #003c5c;\">\u00catre salari\u00e9 en Espagne : contrats, cotisations et indemnit\u00e9s post-r\u00e9forme 2021<\/h2><p>La grande <strong>r\u00e9forme du travail de 2021<\/strong> (Real Decreto-ley 32\/2021) a boulevers\u00e9 la hi\u00e9rarchie des contrats. Le CDI (<em>indefinido<\/em>) est redevenu la norme par d\u00e9faut. Les CDD ont \u00e9t\u00e9 recentr\u00e9s sur deux motifs pr\u00e9cis : circonstances de la production (jusqu&rsquo;\u00e0 6 mois, extensible \u00e0 12) et substitution de personne. Le contrat <em>fijo-discontinuo<\/em>, autrefois marginal, est pass\u00e9 en quelques ann\u00e9es \u00e0 pr\u00e8s de 30 % des embauches stables dans le tourisme et l&rsquo;\u00e9ducation.<\/p><div style=\"overflow-x: auto; margin: 25px 0;\"><table style=\"width: 100%; border-collapse: collapse; box-shadow: 0 2px 8px rgba(0,0,0,0.05);\"><thead><tr style=\"background: #003c5c; color: #fff;\"><th style=\"padding: 12px; text-align: left;\">Type de contrat<\/th><th style=\"padding: 12px; text-align: left;\">Usage<\/th><th style=\"padding: 12px; text-align: left;\">Indemnit\u00e9 de fin de contrat<\/th><\/tr><\/thead><tbody><tr style=\"background: #e0f2fe;\"><td style=\"padding: 12px;\"><strong>Indefinido (CDI)<\/strong><\/td><td style=\"padding: 12px;\">Norme par d\u00e9faut<\/td><td style=\"padding: 12px;\">33 jours\/an (40 jours\/an avant 2012) \u2014 max. 24 mensualit\u00e9s si licenciement injustifi\u00e9<\/td><\/tr><tr style=\"background: #ffffff;\"><td style=\"padding: 12px;\"><strong>Temporal por circunstancias<\/strong><\/td><td style=\"padding: 12px;\">Pic d&rsquo;activit\u00e9, impr\u00e9vus (\u2264 6 mois)<\/td><td style=\"padding: 12px;\">12 jours\/an travaill\u00e9<\/td><\/tr><tr style=\"background: #e0f2fe;\"><td style=\"padding: 12px;\"><strong>Temporal por sustituci\u00f3n<\/strong><\/td><td style=\"padding: 12px;\">Remplacement personne absente<\/td><td style=\"padding: 12px;\">12 jours\/an travaill\u00e9<\/td><\/tr><tr style=\"background: #ffffff;\"><td style=\"padding: 12px;\"><strong>Fijo-discontinuo<\/strong><\/td><td style=\"padding: 12px;\">Activit\u00e9 saisonni\u00e8re ou intermittente mais r\u00e9currente<\/td><td style=\"padding: 12px;\">Pr\u00e9avis + anciennet\u00e9 cumul\u00e9e<\/td><\/tr><tr style=\"background: #e0f2fe;\"><td style=\"padding: 12px;\"><strong>Formaci\u00f3n en alternancia<\/strong><\/td><td style=\"padding: 12px;\">Alternance formation\/travail, \u2264 2 ans<\/td><td style=\"padding: 12px;\">Pas d&rsquo;indemnit\u00e9 sp\u00e9cifique<\/td><\/tr><\/tbody><\/table><\/div><p>C\u00f4t\u00e9 charges, l&#8217;employeur paie environ <strong>29,9 % du salaire brut<\/strong> en cotisations patronales (Seguridad Social, FOGASA, FP, assurance ch\u00f4mage), le salari\u00e9 en supporte <strong>6,35 \u00e0 6,45 %<\/strong>. En cas de licenciement injustifi\u00e9, le <strong>Tribunal Supr\u00eame a confirm\u00e9 en 2024<\/strong> (arr\u00eat 1250\/2024) la stricte application du bar\u00e8me des 33 jours par ann\u00e9e travaill\u00e9e. <a href=\"https:\/\/delaguialuzon.com\/fr\/blog\/indemnite-licenciement-injustifie\/\">Lire l&rsquo;analyse compl\u00e8te sur l&rsquo;indemnisation des licenciements injustifi\u00e9s<\/a>.<\/p><p><\/p><blockquote style=\"background: linear-gradient(135deg,#fef3c7 0%,#fde68a 100%); border-left: 5px solid #d97706; padding: 22px 26px; margin: 30px 0; border-radius: 6px; font-style: normal;\"><p style=\"margin: 0 0 8px 0; font-weight: bold; color: #78350f;\">\ud83d\udcca \u00c0 savoir \u2014 Cotisations aut\u00f3nomos 2026<\/p><p style=\"margin: 0; line-height: 1.7;\">Le <strong>Real Decreto-ley 16\/2025 du 29 d\u00e9cembre 2025<\/strong> a gel\u00e9 les cotisations <em>aut\u00f3nomos<\/em> aux niveaux de 2025 apr\u00e8s le rejet parlementaire de la hausse initialement propos\u00e9e (jusqu&rsquo;\u00e0 +206 \u20ac\/mois). Les <strong>15 tramos RETA<\/strong> restent cal\u00e9s entre <strong>200 \u20ac\/mois<\/strong> (rendements nets \u2264 670 \u20ac) et <strong>590 \u20ac\/mois<\/strong> (rendements nets &gt; 6 000 \u20ac). Le <strong>MEI passe \u00e0 0,9 %<\/strong> (+ 0,1 pt) \u2014 soit une surcharge mensuelle de 6 \u00e0 24 \u20ac. Plus de <strong>3,4 millions d&rsquo;<em>aut\u00f3nomos<\/em><\/strong> sont actuellement inscrits au RETA.<\/p><p style=\"margin: 10px 0 0 0; font-size: 0.88em; color: #92400e;\"><em>Sources : <a href=\"https:\/\/www.seg-social.es\/\" target=\"_blank\" rel=\"nofollow noopener\">Tesorer\u00eda General de la Seguridad Social<\/a> \u00b7 <a href=\"https:\/\/importass.seg-social.es\/\" target=\"_blank\" rel=\"nofollow noopener\">Portail Importass<\/a><\/em><\/p><\/blockquote><p><\/p><h2 style=\"color: #003c5c;\">Devenir <em>aut\u00f3nomo<\/em> : le statut francophone pr\u00e9f\u00e9r\u00e9 \u2014 et ses pi\u00e8ges<\/h2><p>Pour beaucoup de consultants, traducteurs, d\u00e9veloppeurs et commerciaux francophones, le statut d&rsquo;<em>aut\u00f3nomo<\/em> reste la voie royale. Encadr\u00e9 par la <strong>Ley 20\/2007 del Estatuto del Trabajo Aut\u00f3nomo (LETA)<\/strong>, il permet d&rsquo;exercer \u00e0 titre individuel avec une fiscalit\u00e9 IRPF progressive et des cotisations align\u00e9es sur les revenus r\u00e9els depuis la r\u00e9forme de 2023.<\/p><p>Trois leviers \u00e0 conna\u00eetre avant l&rsquo;inscription :<\/p><p><\/p><div style=\"display: flex; flex-wrap: wrap; gap: 15px; margin: 25px 0;\"><div style=\"flex: 1 1 260px; background: #f0fdf4; border: 1px solid #16a34a; border-radius: 8px; padding: 18px;\"><h4 style=\"color: #14532d; margin: 0 0 8px 0;\">\ud83d\udcb0 Tarifa plana 80 \u20ac\/mois<\/h4><p style=\"margin: 0; font-size: 0.92em; line-height: 1.6;\">Douze premiers mois de cotisation \u00e0 <strong>80 \u20ac<\/strong> (88,64 \u20ac MEI inclus), prolongeable 12 mois suppl\u00e9mentaires si rendements inf\u00e9rieurs au SMI. Collectifs prioritaires (handicap, violence de genre) : <strong>24 mois<\/strong> + 36 de prolongation possible.<\/p><\/div><div style=\"flex: 1 1 260px; background: #f0fdf4; border: 1px solid #16a34a; border-radius: 8px; padding: 18px;\"><h4 style=\"color: #14532d; margin: 0 0 8px 0;\">\ud83c\udfaf Cuota cero (r\u00e9gional)<\/h4><p style=\"margin: 0; font-size: 0.92em; line-height: 1.6;\">Bonification 100 % de la cotisation pour les nouveaux <em>aut\u00f3nomos<\/em> en <strong>Estr\u00e9madure, Cantabrie, Galice, Castille-et-Le\u00f3n, Madrid<\/strong> et plusieurs autres communaut\u00e9s en 2026. Cumul possible avec la <em>tarifa plana<\/em>.<\/p><\/div><div style=\"flex: 1 1 260px; background: #f0fdf4; border: 1px solid #16a34a; border-radius: 8px; padding: 18px;\"><h4 style=\"color: #14532d; margin: 0 0 8px 0;\">\ud83d\udd04 Changement de tramo \u00d76\/an<\/h4><p style=\"margin: 0; font-size: 0.92em; line-height: 1.6;\">Jusqu&rsquo;\u00e0 <strong>six ajustements annuels<\/strong> du tramo sur Importass, effets bimestriels. Crucial pour \u00e9viter la r\u00e9gularisation annuelle (AEAT\/TGSS) et ses surprises.<\/p><\/div><\/div><p>Attention aux trois pi\u00e8ges : absence de d\u00e9claration de revenus pr\u00e9visionnels = r\u00e9gularisation douloureuse en avril de l&rsquo;ann\u00e9e suivante (jusqu&rsquo;\u00e0 30 avril pour 2024, par exemple) ; oubli du Modelo 130 ou 131 (paiements fractionn\u00e9s d&rsquo;IRPF) ; et confusion entre <em>aut\u00f3nomo societario<\/em> et <em>aut\u00f3nomo persona f\u00edsica<\/em>, les charges n&rsquo;\u00e9tant pas les m\u00eames. <a href=\"https:\/\/delaguialuzon.com\/fr\/blog\/devenir-auto-entrepreneur-en-espagne\/\">Notre vade-mecum pour devenir auto-entrepreneur en Espagne<\/a> d\u00e9taille l&rsquo;ensemble des d\u00e9marches.<\/p><p><\/p><blockquote style=\"background: #f8fafc; border-left: 4px solid #475569; padding: 18px 24px; margin: 25px 0; border-radius: 4px;\"><p style=\"margin: 0; font-style: italic; color: #334155; line-height: 1.7;\">\u00ab El trabajador aut\u00f3nomo econ\u00f3micamente dependiente (TRADE) es aquel que realiza una actividad econ\u00f3mica o profesional a t\u00edtulo lucrativo y de forma habitual, personal, directa y predominante para una persona f\u00edsica o jur\u00eddica, de la que percibe al menos el 75 por ciento de sus ingresos. \u00bb<\/p><p style=\"margin: 10px 0 0 0; font-size: 0.88em; color: #64748b;\">\u2014 <strong>Art. 11 de la Ley 20\/2007 (LETA)<\/strong>, modifi\u00e9 par la Ley 15\/2022. Le statut TRADE impose au donneur d&rsquo;ordre des obligations contractuelles renforc\u00e9es.<\/p><\/blockquote><p><\/p><h2 style=\"color: #003c5c;\">NIE, TIE, Certificado UE : quelle pi\u00e8ce pour quelle nationalit\u00e9 ?<\/h2><p>Confusion chronique. Le <strong>NIE<\/strong> (<em>N\u00famero de Identificaci\u00f3n de Extranjero<\/em>) est un identifiant fiscal et administratif, valable \u00e0 vie. Il ne suffit pas \u00e0 prouver votre r\u00e9sidence. Le <strong>Certificado de Registro de Ciudadano de la Uni\u00f3n<\/strong> (ex-\u00ab carte verte \u00bb) prouve la r\u00e9sidence pour les citoyens UE\/EEE\/Suisse. Le <strong>TIE<\/strong> (<em>Tarjeta de Identidad de Extranjero<\/em>) est la carte biom\u00e9trique des r\u00e9sidents hors UE. Sch\u00e9ma de d\u00e9cision :<\/p><p><\/p><div style=\"background: #f1f5f9; border-radius: 10px; padding: 24px; margin: 25px 0;\"><div style=\"text-align: center; margin-bottom: 18px;\"><div style=\"display: inline-block; background: #003c5c; color: #fff; padding: 12px 24px; border-radius: 8px; font-weight: bold;\">Vous travaillez en Espagne ?<\/div><\/div><div style=\"display: flex; flex-wrap: wrap; gap: 18px; justify-content: center;\"><div style=\"flex: 1 1 300px; background: #ffffff; border: 2px solid #007BB3; border-radius: 10px; padding: 18px;\"><h4 style=\"color: #003c5c; margin: 0 0 10px 0;\">\ud83c\uddea\ud83c\uddfa Citoyens UE\/EEE\/Suisse<\/h4><ol style=\"margin: 0; padding-left: 20px; line-height: 1.8; font-size: 0.93em;\"><li><strong>Demande de NIE<\/strong> (Modelo EX-15 ou EX-18)<\/li><li>Si s\u00e9jour &gt; 3 mois : <strong>Certificado de Registro<\/strong> (EX-18) dans les 3 mois<\/li><li>Inscription au <strong>padr\u00f3n municipal<\/strong><\/li><li>Inscription <strong>Seguridad Social<\/strong> ou RETA<\/li><\/ol><p style=\"margin: 10px 0 0 0; font-size: 0.85em; color: #64748b;\">Pas de permis de travail requis.<\/p><\/div><div style=\"flex: 1 1 300px; background: #ffffff; border: 2px solid #c026d3; border-radius: 10px; padding: 18px;\"><h4 style=\"color: #701a75; margin: 0 0 10px 0;\">\ud83c\udf0d Ressortissants hors UE<\/h4><ol style=\"margin: 0; padding-left: 20px; line-height: 1.8; font-size: 0.93em;\"><li><strong>Visa de r\u00e9sidence + travail<\/strong> au consulat d&rsquo;origine<\/li><li>Entr\u00e9e en Espagne dans les 3 mois<\/li><li>Prise d&#8217;empreintes et d\u00e9livrance du <strong>TIE<\/strong><\/li><li>Inscription <strong>padr\u00f3n<\/strong> et <strong>Seguridad Social<\/strong><\/li><\/ol><p style=\"margin: 10px 0 0 0; font-size: 0.85em; color: #64748b;\">Proc\u00e9dure RD 1155\/2024 \u2014 1-3 mois.<\/p><\/div><\/div><\/div><p>Les subtilit\u00e9s op\u00e9rationnelles sont nombreuses : renouvellement anticip\u00e9 60 jours avant \u00e9ch\u00e9ance, report de l&rsquo;EES europ\u00e9en depuis octobre 2025 (scan biom\u00e9trique aux fronti\u00e8res externes), introduction progressive de l&rsquo;ETIAS en 2026 pour les visiteurs exempt\u00e9s de visa court s\u00e9jour. Notre article sur <a href=\"https:\/\/delaguialuzon.com\/fr\/blog\/differences-carte-verte-nie-et-tie\/\">les diff\u00e9rences entre NIE, TIE et carte verte<\/a> fait le point exhaustif.<\/p><p><\/p><h2 style=\"color: #003c5c;\">Fiscalit\u00e9 du travail : IRPF, Loi Beckham et convention bilat\u00e9rale<\/h2><p>Deux r\u00e8gles dictent toute la strat\u00e9gie fiscale d&rsquo;un francophone install\u00e9 en Espagne.<\/p><p><strong>R\u00e8gle 1 : la r\u00e9sidence fiscale se d\u00e9termine au-del\u00e0 de 183 jours<\/strong> de pr\u00e9sence sur le territoire espagnol au cours de l&rsquo;ann\u00e9e civile (article 9 de la LIRPF), ou si le centre d&rsquo;int\u00e9r\u00eats \u00e9conomiques s&rsquo;y trouve. Un r\u00e9sident fiscal espagnol est impos\u00e9 sur ses revenus mondiaux.<\/p><p><strong>R\u00e8gle 2 : la Loi Beckham permet d&rsquo;\u00e9chapper \u00e0 cette imposition mondiale<\/strong> pendant 6 ans. Pr\u00e9vue \u00e0 l&rsquo;<strong>article 93 de la LIRPF<\/strong>, elle impose les revenus du travail \u00e0 un <strong>taux fixe de 24 %<\/strong> jusqu&rsquo;\u00e0 600 000 \u20ac annuels (47 % au-del\u00e0), et exon\u00e8re les revenus \u00e9trangers sauf exceptions. Elle est accessible aux salari\u00e9s transf\u00e9r\u00e9s, aux administrateurs de soci\u00e9t\u00e9s (depuis 2023), aux nomades num\u00e9riques avec visa sp\u00e9cifique et \u00e0 leurs conjoints\/enfants \u00e0 charge. Le d\u00e9lai d&rsquo;option : 6 mois apr\u00e8s l&rsquo;affiliation \u00e0 la Seguridad Social.<\/p><div style=\"overflow-x: auto; margin: 25px 0;\"><table style=\"width: 100%; border-collapse: collapse; box-shadow: 0 2px 8px rgba(0,0,0,0.05);\"><thead><tr style=\"background: #003c5c; color: #fff;\"><th style=\"padding: 12px; text-align: left;\">R\u00e9gime<\/th><th style=\"padding: 12px; text-align: left;\">Taux d&rsquo;imposition<\/th><th style=\"padding: 12px; text-align: left;\">Dur\u00e9e<\/th><th style=\"padding: 12px; text-align: left;\">Revenus \u00e9trangers<\/th><\/tr><\/thead><tbody><tr style=\"background: #e0f2fe;\"><td style=\"padding: 12px;\"><strong>IRPF g\u00e9n\u00e9ral<\/strong><\/td><td style=\"padding: 12px;\">Progressif 19 % \u2192 47 % (jusqu&rsquo;\u00e0 54 % dans certaines CCAA)<\/td><td style=\"padding: 12px;\">Illimit\u00e9e<\/td><td style=\"padding: 12px;\">Impos\u00e9s (avec cr\u00e9dit d&rsquo;imp\u00f4t)<\/td><\/tr><tr style=\"background: #ffffff;\"><td style=\"padding: 12px;\"><strong>Loi Beckham (art. 93 LIRPF)<\/strong><\/td><td style=\"padding: 12px;\">24 % flat jusqu&rsquo;\u00e0 600 000 \u20ac \u00b7 47 % au-del\u00e0<\/td><td style=\"padding: 12px;\">6 ans max.<\/td><td style=\"padding: 12px;\">Majoritairement exon\u00e9r\u00e9s<\/td><\/tr><\/tbody><\/table><\/div><p>C\u00f4t\u00e9 S\u00e9curit\u00e9 sociale, la <strong>convention bilat\u00e9rale France-Espagne du 31 octobre 1957<\/strong> (plusieurs fois modifi\u00e9e), compl\u00e9t\u00e9e par le <strong>R\u00e8glement (CE) n\u00b0 883\/2004<\/strong>, pr\u00e9vient la double affiliation. Un salari\u00e9 d\u00e9tach\u00e9 fran\u00e7ais utilise le <strong>formulaire A1<\/strong> d\u00e9livr\u00e9 par le Cleiss pour prouver son rattachement au r\u00e9gime fran\u00e7ais pendant la dur\u00e9e du d\u00e9tachement (24 mois en principe, prolongeable). <a href=\"https:\/\/delaguialuzon.com\/fr\/blog\/loi-beckham-regime-fiscal\/\">Notre d\u00e9cryptage de la Loi Beckham<\/a> et <a href=\"https:\/\/delaguialuzon.com\/fr\/blog\/couts-securite-sociale\/\">des co\u00fbts de S\u00e9curit\u00e9 sociale<\/a> approfondissent ces points.<\/p><p><\/p><blockquote style=\"background: linear-gradient(135deg,#fef3c7 0%,#fde68a 100%); border-left: 5px solid #d97706; padding: 22px 26px; margin: 30px 0; border-radius: 6px; font-style: normal;\"><p style=\"margin: 0 0 8px 0; font-weight: bold; color: #78350f;\">\ud83d\udcca \u00c0 savoir \u2014 Le salaire moyen en Espagne en 2025<\/p><p style=\"margin: 0; line-height: 1.7;\">Selon les donn\u00e9es INE publi\u00e9es fin 2025, le salaire moyen mensuel espagnol s&rsquo;\u00e9tablit \u00e0 <strong>2 385 \u20ac<\/strong>, tous secteurs confondus, avec des \u00e9carts g\u00e9ographiques marqu\u00e9s : Madrid, Pays basque et Catalogne d\u00e9passent la moyenne nationale, tandis que l&rsquo;Andalousie, l&rsquo;Estr\u00e9madure et la Castille-La Manche se situent en dessous. L&rsquo;\u00e9cart avec la moyenne fran\u00e7aise (\u2248 2 580 \u20ac) reste d&rsquo;environ 7,5 %, mais se r\u00e9duit en net du fait d&rsquo;une fiscalit\u00e9 sur le travail plus l\u00e9g\u00e8re et d&rsquo;un co\u00fbt de la vie globalement 10 \u00e0 25 % inf\u00e9rieur.<\/p><p style=\"margin: 10px 0 0 0; font-size: 0.88em; color: #92400e;\"><em>Sources : <a href=\"https:\/\/www.ine.es\/\" target=\"_blank\" rel=\"nofollow noopener\">Instituto Nacional de Estad\u00edstica<\/a> \u00b7 <a href=\"https:\/\/www.agenciatributaria.gob.es\/\" target=\"_blank\" rel=\"nofollow noopener\">Agencia Tributaria<\/a><\/em><\/p><\/blockquote><p><\/p><h2 style=\"color: #003c5c;\">T\u00e9l\u00e9travail et nomadisme num\u00e9rique : la br\u00e8che ouverte par la Ley 28\/2022<\/h2><p>Depuis la <strong>Ley 10\/2021 du 9 juillet<\/strong> sur le travail \u00e0 distance, le t\u00e9l\u00e9travail structurel en Espagne (au moins 30 % du temps sur 3 mois cons\u00e9cutifs) impose un accord \u00e9crit obligatoire, une compensation des frais et le respect du droit \u00e0 la d\u00e9connexion. La <strong>Ley 28\/2022 de Startups<\/strong> a cr\u00e9\u00e9 en parall\u00e8le le <strong>visa nomade num\u00e9rique<\/strong> (<em>visado para teletrabajadores de car\u00e1cter internacional<\/em>), accessible aux hors-UE travaillant pour des employeurs \u00e9trangers : dur\u00e9e initiale 1 an, renouvelable jusqu&rsquo;\u00e0 5 ans, \u00e9ligibilit\u00e9 au r\u00e9gime Beckham \u00e0 24 %.<\/p><p>Pour un salari\u00e9 francophone europ\u00e9en d\u00e9j\u00e0 en poste chez un employeur fran\u00e7ais ou belge, le t\u00e9l\u00e9travail depuis l&rsquo;Espagne reste juridiquement complexe : il peut cr\u00e9er un <strong>\u00e9tablissement stable<\/strong> au sens de l&rsquo;article 5 du mod\u00e8le OCDE, avec obligations TVA et IS pour l&#8217;employeur. Un seuil de 25-50 % de temps de travail depuis l&rsquo;Espagne est couramment retenu par l&rsquo;administration fiscale espagnole pour d\u00e9clencher l&rsquo;analyse. <a href=\"https:\/\/delaguialuzon.com\/fr\/blog\/tout-savoir-sur-le-teletravail-en-espagne\/\">Notre dossier t\u00e9l\u00e9travail en Espagne<\/a> d\u00e9taille les seuils \u00e0 respecter.<\/p><p><\/p><h2 style=\"color: #003c5c;\">FAQ \u2014 Travailler en Espagne en 2026<\/h2><div style=\"margin: 20px 0;\"><div style=\"border: 1px solid #e2e8f0; border-radius: 8px; margin-bottom: 12px; padding: 18px 22px; background: #fafafa;\"><h4 style=\"margin: 0 0 10px 0; color: #003c5c; font-size: 1.05em;\">\u2753 Faut-il un permis de travail pour un Fran\u00e7ais en Espagne ?<\/h4><p style=\"margin: 0; line-height: 1.7;\">Non. Les Fran\u00e7ais b\u00e9n\u00e9ficient du <strong>r\u00e9gime communautaire<\/strong> (Directive 2004\/38\/CE). Ils doivent obtenir un <strong>NIE<\/strong>, puis un <strong>Certificado de Registro de Ciudadano de la Uni\u00f3n<\/strong> (Modelo EX-18) dans les 3 mois suivant l&rsquo;installation si le s\u00e9jour d\u00e9passe 90 jours. Aucun visa ni autorisation de travail n&rsquo;est requis.<\/p><\/div><div style=\"border: 1px solid #e2e8f0; border-radius: 8px; margin-bottom: 12px; padding: 18px 22px; background: #fafafa;\"><h4 style=\"margin: 0 0 10px 0; color: #003c5c; font-size: 1.05em;\">\u2753 Combien paie un aut\u00f3nomo par mois en 2026 ?<\/h4><p style=\"margin: 0; line-height: 1.7;\">Entre <strong>200 \u20ac et 590 \u20ac<\/strong> selon le tramo RETA (15 tranches bas\u00e9es sur les rendements nets r\u00e9els), auxquels s&rsquo;ajoutent environ <strong>6 \u00e0 24 \u20ac de MEI<\/strong>. Les nouveaux <em>aut\u00f3nomos<\/em> b\u00e9n\u00e9ficient de la <em>tarifa plana<\/em> \u00e0 <strong>80 \u20ac\/mois<\/strong> pendant 12 mois (Real Decreto-ley 16\/2025).<\/p><\/div><div style=\"border: 1px solid #e2e8f0; border-radius: 8px; margin-bottom: 12px; padding: 18px 22px; background: #fafafa;\"><h4 style=\"margin: 0 0 10px 0; color: #003c5c; font-size: 1.05em;\">\u2753 Un Suisse peut-il travailler librement en Espagne ?<\/h4><p style=\"margin: 0; line-height: 1.7;\">Oui, gr\u00e2ce \u00e0 l&rsquo;<strong>Accord UE-Suisse sur la libre circulation des personnes du 21 juin 1999<\/strong> (ALCP). Les Suisses obtiennent un <strong>TIE r\u00e9gime UE<\/strong> (pas un TIE hors-UE) et conservent leur affiliation \u00e0 l&rsquo;AVS via le formulaire A1 en cas de d\u00e9tachement.<\/p><\/div><div style=\"border: 1px solid #e2e8f0; border-radius: 8px; margin-bottom: 12px; padding: 18px 22px; background: #fafafa;\"><h4 style=\"margin: 0 0 10px 0; color: #003c5c; font-size: 1.05em;\">\u2753 Quelle est l&rsquo;indemnit\u00e9 en cas de licenciement injustifi\u00e9 ?<\/h4><p style=\"margin: 0; line-height: 1.7;\">L&rsquo;indemnisation est plafonn\u00e9e \u00e0 <strong>33 jours de salaire par ann\u00e9e d&rsquo;anciennet\u00e9<\/strong> (maximum 24 mensualit\u00e9s) pour les contrats post\u00e9rieurs au 12 f\u00e9vrier 2012. Pour les CDI ant\u00e9rieurs, un calcul mixte s&rsquo;applique (45 jours\/an jusqu&rsquo;au 11 f\u00e9vrier 2012, puis 33 jours\/an ensuite). Le Tribunal Supr\u00eame a confirm\u00e9 en 2024 la stricte application de ce bar\u00e8me.<\/p><\/div><div style=\"border: 1px solid #e2e8f0; border-radius: 8px; margin-bottom: 12px; padding: 18px 22px; background: #fafafa;\"><h4 style=\"margin: 0 0 10px 0; color: #003c5c; font-size: 1.05em;\">\u2753 Peut-on cumuler salariat et activit\u00e9 d&rsquo;aut\u00f3nomo ?<\/h4><p style=\"margin: 0; line-height: 1.7;\">Oui, c&rsquo;est la <em>pluriactividad<\/em>. Le salari\u00e9 est affili\u00e9 au <strong>R\u00e9gimen General<\/strong> (cotisations pr\u00e9lev\u00e9es sur salaire) ET au <strong>RETA<\/strong> pour son activit\u00e9 ind\u00e9pendante. Certaines bonifications s&rsquo;appliquent (r\u00e9duction jusqu&rsquo;\u00e0 50 % de la cotisation RETA la premi\u00e8re ann\u00e9e). Le RD 1155\/2024 a m\u00eame consacr\u00e9 cette compatibilit\u00e9 pour les r\u00e9sidents hors UE titulaires d&rsquo;un permis cuenta ajena.<\/p><\/div><div style=\"border: 1px solid #e2e8f0; border-radius: 8px; margin-bottom: 12px; padding: 18px 22px; background: #fafafa;\"><h4 style=\"margin: 0 0 10px 0; color: #003c5c; font-size: 1.05em;\">\u2753 La Loi Beckham vaut-elle pour un ind\u00e9pendant ?<\/h4><p style=\"margin: 0; line-height: 1.7;\"><strong>Non pour un aut\u00f3nomo classique<\/strong>. Le r\u00e9gime de l&rsquo;article 93 LIRPF vise principalement les salari\u00e9s d\u00e9plac\u00e9s, les administrateurs de soci\u00e9t\u00e9s (depuis la loi 28\/2022), les chercheurs, les entrepreneurs d&rsquo;une activit\u00e9 qualifi\u00e9e d&rsquo;\u00ab emprendedora \u00bb par ENISA, et les nomades num\u00e9riques d\u00e9tenteurs du visa sp\u00e9cifique. Une analyse pr\u00e9alable aupr\u00e8s d&rsquo;un avocat fiscaliste est indispensable.<\/p><\/div><div style=\"border: 1px solid #e2e8f0; border-radius: 8px; margin-bottom: 12px; padding: 18px 22px; background: #fafafa;\"><h4 style=\"margin: 0 0 10px 0; color: #003c5c; font-size: 1.05em;\">\u2753 Quelle est la dur\u00e9e maximale du temps de travail en Espagne ?<\/h4><p style=\"margin: 0; line-height: 1.7;\"><strong>40 heures hebdomadaires en moyenne sur l&rsquo;ann\u00e9e<\/strong>, soit 1 826 h annuelles (article 34 du Estatuto de los Trabajadores). Les conventions collectives (<em>convenios colectivos<\/em>) peuvent fixer des plafonds inf\u00e9rieurs. Le registro horario est obligatoire depuis le RDL 8\/2019. Un projet de loi vise \u00e0 ramener le plafond \u00e0 37,5 h, mais il est toujours bloqu\u00e9 au Congr\u00e8s en 2026.<\/p><\/div><div style=\"border: 1px solid #e2e8f0; border-radius: 8px; margin-bottom: 12px; padding: 18px 22px; background: #fafafa;\"><h4 style=\"margin: 0 0 10px 0; color: #003c5c; font-size: 1.05em;\">\u2753 Comment \u00e9viter la double imposition entre la France et l&rsquo;Espagne ?<\/h4><p style=\"margin: 0; line-height: 1.7;\">La <strong>convention fiscale franco-espagnole du 10 octobre 1995<\/strong> attribue l&rsquo;imposition primaire au pays de r\u00e9sidence fiscale (183 jours). Le m\u00e9canisme du <strong>cr\u00e9dit d&rsquo;imp\u00f4t<\/strong> neutralise la double taxation. Pour un Fran\u00e7ais r\u00e9sident fiscal espagnol, la d\u00e9claration fran\u00e7aise 2042 NR reste due si conservation de revenus de source fran\u00e7aise (loyers, dividendes, plus-values immobili\u00e8res). <a href=\"https:\/\/delaguialuzon.com\/fr\/blog\/la-fiscalite-espagnole-tout-savoir-avant-de-s-expatrier\/\">Notre vade-mecum fiscal<\/a> approfondit le sujet.<\/p><\/div><div style=\"border: 1px solid #e2e8f0; border-radius: 8px; margin-bottom: 12px; padding: 18px 22px; background: #fafafa;\"><h4 style=\"margin: 0 0 10px 0; color: #003c5c; font-size: 1.05em;\">\u2753 Quelle diff\u00e9rence entre NIE et TIE ?<\/h4><p style=\"margin: 0; line-height: 1.7;\">Le <strong>NIE<\/strong> est un identifiant fiscal attribu\u00e9 \u00e0 tout \u00e9tranger effectuant des d\u00e9marches en Espagne (achat immobilier, ouverture de compte, emploi, cr\u00e9ation d&rsquo;entreprise), valable \u00e0 vie. Le <strong>TIE<\/strong> est une carte biom\u00e9trique physique d\u00e9livr\u00e9e aux r\u00e9sidents <strong>hors UE<\/strong> (Canadiens, Marocains, Alg\u00e9riens, etc.), renouvelable tous les 1 \u00e0 5 ans. Les citoyens UE\/EEE\/Suisse re\u00e7oivent un <em>Certificado de Registro<\/em> papier, pas un TIE.<\/p><\/div><div style=\"border: 1px solid #e2e8f0; border-radius: 8px; margin-bottom: 12px; padding: 18px 22px; background: #fafafa;\"><h4 style=\"margin: 0 0 10px 0; color: #003c5c; font-size: 1.05em;\">\u2753 Quelles aides \u00e0 l&#8217;embauche existent pour un nouvel aut\u00f3nomo ou un jeune dipl\u00f4m\u00e9 ?<\/h4><p style=\"margin: 0; line-height: 1.7;\">Trois leviers principaux en 2026 : la <strong>tarifa plana 80 \u20ac<\/strong>, la <strong>cuota cero<\/strong> de certaines communaut\u00e9s autonomes (Estr\u00e9madure, Cantabrie, Galice, Castille-et-Le\u00f3n, Madrid), et les <strong>bonifications \u00e0 l&#8217;embauche de jeunes qualifi\u00e9s<\/strong> en Communaut\u00e9 valencienne (programme ECOVUL 2024-2025). Pour le d\u00e9tail, consultez <a href=\"https:\/\/delaguialuzon.com\/fr\/blog\/aide-embauche-jeunes\/\">notre article sur les aides \u00e0 l&#8217;embauche<\/a>.<\/p><\/div><\/div><p><\/p><div style=\"background: linear-gradient(135deg,#003c5c 0%,#001f2e 100%); color: #fff; padding: 40px 35px; border-radius: 12px; margin: 40px 0; box-shadow: 0 6px 20px rgba(0,0,0,0.25);\"><h2 style=\"color: #fff; margin: 0 0 15px 0; font-size: 1.6em;\">S\u00e9curisez votre projet professionnel en Espagne avec un cabinet franco-espagnol<\/h2><p style=\"margin: 0 0 20px 0; line-height: 1.7; font-size: 1.02em;\">Depuis <strong>65 ans<\/strong>, <a style=\"color: #90e0ff; text-decoration: underline;\" href=\"https:\/\/delaguialuzon.com\/fr\/cabinet-international-avocats\/\">Delagu\u00eda &amp; Luz\u00f3n<\/a> accompagne les francophones \u2014 Fran\u00e7ais, Belges, Suisses, Canadiens, ressortissants du Maghreb \u2014 dans leurs d\u00e9marches de mobilit\u00e9 professionnelle en Espagne. Contrats de travail, statut <em>aut\u00f3nomo<\/em>, Loi Beckham, d\u00e9tachement international, licenciements, restructurations : notre \u00e9quipe bilingue fran\u00e7aise\/espagnole pilote le dossier de bout en bout.<\/p><div style=\"background: rgba(255,255,255,0.08); border-radius: 10px; padding: 20px; margin: 20px 0;\"><p style=\"margin: 0 0 10px 0;\"><strong>\ud83d\udccd Si\u00e8ge :<\/strong> Avinguda Regne de Valencia, 6, 1\u00ba-2\u00ba \u00b7 46005 Valencia, Espagne<\/p><p style=\"margin: 0 0 10px 0;\"><strong>\ud83d\udcde T\u00e9l\u00e9phone :<\/strong> <a style=\"color: #90e0ff; text-decoration: none; font-weight: 600;\" href=\"tel:+34963741657\">+34 963 74 16 57<\/a><\/p><p style=\"margin: 0 0 10px 0;\"><strong>\ud83d\udce7 Contacts directs :<\/strong><br \/><a style=\"color: #90e0ff; text-decoration: none;\" href=\"mailto:felix.delaguia@delaguialuzon.com\">felix.delaguia@delaguialuzon.com<\/a><br \/><a style=\"color: #90e0ff; text-decoration: none;\" href=\"mailto:sonia.gomezluzon@delaguialuzon.com\">sonia.gomezluzon@delaguialuzon.com<\/a><\/p><p style=\"margin: 0 0 10px 0;\"><strong>\ud83d\udd51 Horaires :<\/strong> Lundi-Jeudi 08h30-18h00 \u00b7 Vendredi 08h30-15h00<\/p><p style=\"margin: 0;\"><strong>\ud83c\udf10 Bureaux :<\/strong> Madrid \u00b7 Barcelone \u00b7 Alicante \u00b7 Castell\u00f3n \u00b7 Torrevieja \u00b7 Betera \u00b7 La Eliana \u00b7 Calpe \u00b7 Pe\u00f1\u00edscola<\/p><\/div><div style=\"display: flex; flex-wrap: wrap; gap: 15px; margin-top: 25px;\"><a style=\"flex: 1 1 220px; text-align: center; background: #ffffff; color: #003c5c; padding: 16px 30px; border-radius: 8px; text-decoration: none; font-weight: bold; box-shadow: 0 3px 8px rgba(0,0,0,0.2);\" href=\"https:\/\/delaguialuzon.com\/fr\/contact\/\">\ud83d\udc49 Demander un diagnostic mobilit\u00e9<\/a><br \/><a style=\"flex: 1 1 220px; text-align: center; background: transparent; color: #fff; border: 2px solid #fff; padding: 14px 30px; border-radius: 8px; text-decoration: none; font-weight: bold;\" href=\"https:\/\/delaguialuzon.com\/fr\/droit-du-travail\/\">\ud83d\udcd6 Voir nos services en droit du travail<\/a><\/div><\/div><p><\/p>\t\t\t\t\t\t\t\t<\/div>\n\t\t\t\t<\/div>\n\t\t\t\t\t<\/div>\n\t\t\t\t<\/div>\n\t\t\t\t<\/div>\n\t\t<style>\r\n.lwrp.link-whisper-related-posts{\r\n            \r\n            margin-top: 40px;\nmargin-bottom: 30px;\r\n        }\r\n        .lwrp .lwrp-title{\r\n            \r\n            \r\n        }.lwrp .lwrp-description{\r\n            \r\n            \r\n\r\n        }\r\n        .lwrp .lwrp-list-container{\r\n        }\r\n        .lwrp .lwrp-list-multi-container{\r\n            display: flex;\r\n        }\r\n        .lwrp .lwrp-list-double{\r\n            width: 48%;\r\n        }\r\n        .lwrp .lwrp-list-triple{\r\n            width: 32%;\r\n        }\r\n        .lwrp .lwrp-list-row-container{\r\n            display: flex;\r\n            justify-content: space-between;\r\n        }\r\n        .lwrp .lwrp-list-row-container .lwrp-list-item{\r\n            width: calc(16% - 20px);\r\n        }\r\n        .lwrp .lwrp-list-item:not(.lwrp-no-posts-message-item){\r\n            \r\n            max-width: 150px;list-style: none;\r\n        }\r\n        .lwrp .lwrp-list-item img{\r\n            max-width: 100%;\r\n            height: auto;\r\n            object-fit: cover;\r\n            aspect-ratio: 1 \/ 1;\r\n        }\r\n        .lwrp .lwrp-list-item.lwrp-empty-list-item{\r\n            background: initial !important;\r\n        }\r\n        .lwrp .lwrp-list-item .lwrp-list-link .lwrp-list-link-title-text,\r\n        .lwrp .lwrp-list-item .lwrp-list-no-posts-message{\r\n            \r\n            \r\n            \r\n            font-style: normal;\r\n        }@media screen and (max-width: 480px) {\r\n            .lwrp.link-whisper-related-posts{\r\n                \r\n                \r\n            }\r\n            .lwrp .lwrp-title{\r\n                \r\n                \r\n            }.lwrp .lwrp-description{\r\n                \r\n                \r\n            }\r\n            .lwrp .lwrp-list-multi-container{\r\n                flex-direction: column;\r\n            }\r\n            .lwrp .lwrp-list-multi-container ul.lwrp-list{\r\n                margin-top: 0px;\r\n                margin-bottom: 0px;\r\n                padding-top: 0px;\r\n                padding-bottom: 0px;\r\n            }\r\n            .lwrp .lwrp-list-double,\r\n            .lwrp .lwrp-list-triple{\r\n                width: 100%;\r\n            }\r\n            .lwrp .lwrp-list-row-container{\r\n                justify-content: initial;\r\n                flex-direction: column;\r\n            }\r\n            .lwrp .lwrp-list-row-container .lwrp-list-item{\r\n                width: 100%;\r\n            }\r\n            .lwrp .lwrp-list-item:not(.lwrp-no-posts-message-item){\r\n                \r\n                max-width: initial;\r\n            }\r\n            .lwrp .lwrp-list-item .lwrp-list-link .lwrp-list-link-title-text,\r\n            .lwrp .lwrp-list-item .lwrp-list-no-posts-message{\r\n                \r\n                \r\n                \r\n                \r\n            };\r\n        }<\/style>\r\n<div id=\"link-whisper-related-posts-widget\" class=\"link-whisper-related-posts lwrp\">\r\n    \r\n        <div class=\"lwrp-list-container\">\r\n                                <div class=\"lwrp-list lwrp-list-row-container lwrp-list-single-row\">\r\n                <div class=\"lwrp-list-item\"><a href=\"https:\/\/delaguialuzon.com\/fr\/blog\/reduction-dimpots-autonomos\/\" class=\"lwrp-list-link\"><img width=\"480\" height=\"320\" src=\"https:\/\/delaguialuzon.com\/wp-content\/uploads\/2021\/07\/reduction-dimpot-pour-les-autonomos.jpg\" class=\"attachment-480x480 size-480x480 wp-post-image\" alt=\"reduction d&#039;imp\u00f4t pour les autonomos\" srcset=\"https:\/\/delaguialuzon.com\/wp-content\/uploads\/2021\/07\/reduction-dimpot-pour-les-autonomos.jpg 950w, https:\/\/delaguialuzon.com\/wp-content\/uploads\/2021\/07\/reduction-dimpot-pour-les-autonomos-300x200.jpg 300w, https:\/\/delaguialuzon.com\/wp-content\/uploads\/2021\/07\/reduction-dimpot-pour-les-autonomos-768x512.jpg 768w\" sizes=\"(max-width: 480px) 100vw, 480px\" \/><br><span class=\"lwrp-list-link-title-text\">Auto-entrepreneur en Espagne : Comment r\u00e9duire vos imp\u00f4ts ?<\/span><\/a><\/div><div class=\"lwrp-list-item\"><a href=\"https:\/\/delaguialuzon.com\/fr\/blog\/mesures-soutien-dana-2024-valence\/\" class=\"lwrp-list-link\"><img width=\"480\" height=\"320\" src=\"https:\/\/delaguialuzon.com\/wp-content\/uploads\/2024\/11\/ayudas-personas-afectadas-dana-2024.jpg\" class=\"attachment-480x480 size-480x480 wp-post-image\" alt=\"Mesures de soutien aux personnes touch\u00e9es par la DANA 2024 \u00e0 Valence\" srcset=\"https:\/\/delaguialuzon.com\/wp-content\/uploads\/2024\/11\/ayudas-personas-afectadas-dana-2024.jpg 950w, https:\/\/delaguialuzon.com\/wp-content\/uploads\/2024\/11\/ayudas-personas-afectadas-dana-2024-300x200.jpg 300w, https:\/\/delaguialuzon.com\/wp-content\/uploads\/2024\/11\/ayudas-personas-afectadas-dana-2024-768x513.jpg 768w\" sizes=\"(max-width: 480px) 100vw, 480px\" \/><br><span class=\"lwrp-list-link-title-text\">Mesures fiscales et sociales pour les victimes de la DANA \u00e0 Valence en 2024<\/span><\/a><\/div><div class=\"lwrp-list-item\"><a href=\"https:\/\/delaguialuzon.com\/fr\/blog\/impots-sur-le-revenu-en-espagne\/\" class=\"lwrp-list-link\"><img width=\"480\" height=\"320\" src=\"https:\/\/delaguialuzon.com\/wp-content\/uploads\/2024\/05\/impots-revenu-Espagne.jpg\" class=\"attachment-480x480 size-480x480 wp-post-image\" alt=\"imp\u00f4ts sur le revenu en Espagne\" srcset=\"https:\/\/delaguialuzon.com\/wp-content\/uploads\/2024\/05\/impots-revenu-Espagne.jpg 950w, https:\/\/delaguialuzon.com\/wp-content\/uploads\/2024\/05\/impots-revenu-Espagne-300x200.jpg 300w, https:\/\/delaguialuzon.com\/wp-content\/uploads\/2024\/05\/impots-revenu-Espagne-768x513.jpg 768w\" sizes=\"(max-width: 480px) 100vw, 480px\" \/><br><span class=\"lwrp-list-link-title-text\">Imp\u00f4t sur le revenu en Espagne : r\u00e8gles, calcul et d\u00e9marches<\/span><\/a><\/div><div class=\"lwrp-list-item\"><a href=\"https:\/\/delaguialuzon.com\/fr\/blog\/tout-savoir-sur-le-teletravail-en-espagne\/\" class=\"lwrp-list-link\"><img width=\"480\" height=\"320\" src=\"https:\/\/delaguialuzon.com\/wp-content\/uploads\/2024\/04\/teletravail_en_Espagne.jpg\" class=\"attachment-480x480 size-480x480 wp-post-image\" alt=\"t\u00e9l\u00e9travail en Espagne\" srcset=\"https:\/\/delaguialuzon.com\/wp-content\/uploads\/2024\/04\/teletravail_en_Espagne.jpg 950w, https:\/\/delaguialuzon.com\/wp-content\/uploads\/2024\/04\/teletravail_en_Espagne-300x200.jpg 300w, https:\/\/delaguialuzon.com\/wp-content\/uploads\/2024\/04\/teletravail_en_Espagne-768x513.jpg 768w\" sizes=\"(max-width: 480px) 100vw, 480px\" \/><br><span class=\"lwrp-list-link-title-text\">Tout savoir sur le t\u00e9l\u00e9travail en Espagne<\/span><\/a><\/div><div class=\"lwrp-list-item\"><a href=\"https:\/\/delaguialuzon.com\/fr\/audit-du-travail-pour-les-entreprises\/\" class=\"lwrp-list-link\"><img width=\"480\" height=\"312\" src=\"https:\/\/delaguialuzon.com\/wp-content\/uploads\/2024\/10\/auditoria-laboral.jpg\" class=\"attachment-480x480 size-480x480 wp-post-image\" alt=\"Audit du travail\" srcset=\"https:\/\/delaguialuzon.com\/wp-content\/uploads\/2024\/10\/auditoria-laboral.jpg 950w, https:\/\/delaguialuzon.com\/wp-content\/uploads\/2024\/10\/auditoria-laboral-300x195.jpg 300w, https:\/\/delaguialuzon.com\/wp-content\/uploads\/2024\/10\/auditoria-laboral-768x500.jpg 768w\" sizes=\"(max-width: 480px) 100vw, 480px\" \/><br><span class=\"lwrp-list-link-title-text\">Audit du travail pour les entreprises<\/span><\/a><\/div><div class=\"lwrp-list-item\"><a href=\"https:\/\/delaguialuzon.com\/fr\/blog\/comment-trouver-un-bon-gestor-en-espagne\/\" class=\"lwrp-list-link\"><img width=\"480\" height=\"320\" src=\"https:\/\/delaguialuzon.com\/wp-content\/uploads\/2024\/05\/gestor-Espagne.jpg\" class=\"attachment-480x480 size-480x480 wp-post-image\" alt=\"trouver gestor en Espagne\" srcset=\"https:\/\/delaguialuzon.com\/wp-content\/uploads\/2024\/05\/gestor-Espagne.jpg 950w, https:\/\/delaguialuzon.com\/wp-content\/uploads\/2024\/05\/gestor-Espagne-300x200.jpg 300w, https:\/\/delaguialuzon.com\/wp-content\/uploads\/2024\/05\/gestor-Espagne-768x513.jpg 768w\" sizes=\"(max-width: 480px) 100vw, 480px\" \/><br><span class=\"lwrp-list-link-title-text\">Comment trouver un bon gestor\/comptable en Espagne?<\/span><\/a><\/div>                <\/div>\r\n                <\/div>\r\n<\/div>","protected":false},"excerpt":{"rendered":"<p>D\u00e9couvrez les \u00e9tapes pour travailler en Espagne en tant que Fran\u00e7ais et les avantages de cette exp\u00e9rience professionnelle enrichissante.<\/p>\n","protected":false},"author":2,"featured_media":10220,"comment_status":"closed","ping_status":"open","sticky":false,"template":"","format":"standard","meta":{"_mbp_gutenberg_autopost":false,"_joinchat":[],"footnotes":""},"categories":[41],"tags":[],"class_list":["post-8655","post","type-post","status-publish","format-standard","has-post-thumbnail","hentry","category-nie"],"_links":{"self":[{"href":"https:\/\/delaguialuzon.com\/fr\/wp-json\/wp\/v2\/posts\/8655","targetHints":{"allow":["GET"]}}],"collection":[{"href":"https:\/\/delaguialuzon.com\/fr\/wp-json\/wp\/v2\/posts"}],"about":[{"href":"https:\/\/delaguialuzon.com\/fr\/wp-json\/wp\/v2\/types\/post"}],"author":[{"embeddable":true,"href":"https:\/\/delaguialuzon.com\/fr\/wp-json\/wp\/v2\/users\/2"}],"replies":[{"embeddable":true,"href":"https:\/\/delaguialuzon.com\/fr\/wp-json\/wp\/v2\/comments?post=8655"}],"version-history":[{"count":57,"href":"https:\/\/delaguialuzon.com\/fr\/wp-json\/wp\/v2\/posts\/8655\/revisions"}],"predecessor-version":[{"id":23923,"href":"https:\/\/delaguialuzon.com\/fr\/wp-json\/wp\/v2\/posts\/8655\/revisions\/23923"}],"wp:featuredmedia":[{"embeddable":true,"href":"https:\/\/delaguialuzon.com\/fr\/wp-json\/wp\/v2\/media\/10220"}],"wp:attachment":[{"href":"https:\/\/delaguialuzon.com\/fr\/wp-json\/wp\/v2\/media?parent=8655"}],"wp:term":[{"taxonomy":"category","embeddable":true,"href":"https:\/\/delaguialuzon.com\/fr\/wp-json\/wp\/v2\/categories?post=8655"},{"taxonomy":"post_tag","embeddable":true,"href":"https:\/\/delaguialuzon.com\/fr\/wp-json\/wp\/v2\/tags?post=8655"}],"curies":[{"name":"wp","href":"https:\/\/api.w.org\/{rel}","templated":true}]}}